{"id":45544,"date":"2021-12-01T09:22:30","date_gmt":"2021-12-01T12:22:30","guid":{"rendered":"https:\/\/portalmovil.com.ar\/?p=45544"},"modified":"2021-12-01T09:25:08","modified_gmt":"2021-12-01T12:25:08","slug":"thelma-fardin-declaro-en-el-juicio-contra-juan-darthes","status":"publish","type":"post","link":"https:\/\/portalmovil.com.ar\/index.php\/2021\/12\/01\/thelma-fardin-declaro-en-el-juicio-contra-juan-darthes\/","title":{"rendered":"Thelma Fardin declar\u00f3 en el juicio contra Juan Darth\u00e9s"},"content":{"rendered":"\n<p>El actor&nbsp;Juan Darth\u00e9s&nbsp;comenz\u00f3 este martes a ser juzgado en&nbsp;Brasil&nbsp;por el&nbsp;<strong>abuso sexual<\/strong>a la actriz<strong>&nbsp;Thelma Fardin<\/strong>, quien lo denunci\u00f3 hace casi tres a\u00f1os por un hecho ocurrido en&nbsp;<strong>Nicaragua&nbsp;<\/strong>cuando&nbsp;<strong>ella ten\u00eda 16 a\u00f1os y \u00e9l 45; y este martes declar\u00f3 en&nbsp;<\/strong>en la Unidad Fiscal Especializada en Violencia contra las Mujeres (<strong>UFEM<\/strong>), ubicada en Juan Domingo Per\u00f3n 667, del centro porte\u00f1o, y acompa\u00f1ada por funcionarias del Ministerio de las Mujeres, G\u00e9neros y Diversidad de la Naci\u00f3n.<\/p>\n\n\n\n<p><strong>Fardin expres\u00f3 que se sac\u00f3 \u00abesta mochila\u00bb y se la deja a la Justicia, al concluir su declaraci\u00f3n<\/strong>. \u00abEstoy muy cansada, muy contenta y orgullosa de que hayamos podido, no solo yo sino todas, llegar hasta ac\u00e1 y agradecida de haber sido escuchada en la justicia\u00bb, dijo a la salida de la UFEM.<\/p>\n\n\n\n<p>\u00abYa pas\u00f3. Todo lo que yo ten\u00eda en mis manos, todo lo que yo pod\u00eda hacer, lo hice. Hoy vine y me saqu\u00e9 esta mochila que se la dejo a la Justicia, quiero tener confianza en la Justicia\u00bb, agreg\u00f3 Fardin.<\/p>\n\n\n\n<p>Por su parte, el abogado de la actriz, Mart\u00edn Arias Duval, sostuvo que este mi\u00e9rcoles van a seguir (las declaraciones de) los testigos que estaban citados para hoy y que no pudieron declarar por razones de tiempo\u00bb, por lo que \u00abla tanda de testigos que estaban citados para ma\u00f1ana quedar\u00e1n para la pr\u00f3xima\u00bb, aunque no se sabe a\u00fan que d\u00eda citar\u00e1 el juez.<\/p>\n\n\n\n<p>La audiencia se limit\u00f3 a la defensa, al imputado, a la querella y la acusaci\u00f3n. Durante el juicio,&nbsp;<strong>once testigos declarar\u00e1n por v\u00eda remota<\/strong>&nbsp;ante el juez federal de San Pablo<strong>&nbsp;Ali Mazloum<\/strong>, entre ellos, las actrices&nbsp;<strong>Calu \u00abDignity\u00bb Rivero<\/strong>&nbsp;y&nbsp;<strong>Anita Co<\/strong>, que<strong>&nbsp;tambi\u00e9n denunciaron a Juan Darth\u00e9s&nbsp;<\/strong>por&nbsp;<strong>acoso&nbsp;<\/strong>en el primer caso y&nbsp;<strong>abuso sexual&nbsp;<\/strong>en el segundo.<\/p>\n\n\n\n<p>El colectivo Actrices Argentinas convoc\u00f3 a concentrar en las puertas de la UFEM a partir de las 13 para acompa\u00f1ar la primera audiencia del juicio a Darth\u00e9s, al que consideraron como \u00ab<strong>un precedente hist\u00f3rico mundial<\/strong>\u00bb en el que participa la Justicia de tres pa\u00edses:&nbsp;<strong>Argentina<\/strong>,&nbsp;<strong>Brasil&nbsp;<\/strong>y&nbsp;<strong>Nicaragua<\/strong>.<\/p>\n\n\n\n<p>Adem\u00e1s, Fardin estuvo acompa\u00f1ada por la secretaria de Pol\u00edticas Contra la Violencia por Razones de G\u00e9nero, Josefina Kelly Neila; la subsecretaria de Abordaje Integral de las Violencias por Razones de G\u00e9nero, Laurana Malacalza; y la subsecretaria de Programas Especiales Contra la Violencia por Razones de G\u00e9nero, Carolina Varsky.<\/p>\n\n\n\n<p>El juez que sustanciar\u00e1 el juicio a Darth\u00e9s es el primer magistrado musulm\u00e1n de la historia de Brasil y es considerado un garantista.<\/p>\n\n\n\n<p>Mazloum estar\u00e1 frente a un caso de alto impacto para el sistema procesal de Brasil, con una complejidad jur\u00eddica casi in\u00e9dita: el juicio a Juan Pac\u00edfico Dabul, brasile\u00f1o de nacimiento, quien como Juan Darth\u00e9s vivi\u00f3 y se hizo famoso como actor en Argentina.<\/p>\n","protected":false},"excerpt":{"rendered":"<p>El actor&nbsp;Juan Darth\u00e9s&nbsp;comenz\u00f3 este martes a ser juzgado en&nbsp;Brasil&nbsp;por el&nbsp;abuso sexuala la actriz&nbsp;Thelma Fardin, quien lo denunci\u00f3 hace casi tres a\u00f1os por un hecho ocurrido en&nbsp;Nicaragua&nbsp;cuando&nbsp;ella ten\u00eda 16 a\u00f1os y \u00e9l 45; y este martes declar\u00f3 en&nbsp;en la Unidad Fiscal Especializada en Violencia contra las Mujeres (UFEM), ubicada en Juan Domingo Per\u00f3n 667, del centro &hellip;<\/p>\n","protected":false},"author":2,"featured_media":45547,"comment_status":"open","ping_status":"open","sticky":false,"template":"","format":"standard","meta":{"_jetpack_memberships_contains_paid_content":false,"footnotes":"","jetpack_publicize_message":"","jetpack_publicize_feature_enabled":true,"jetpack_social_post_already_shared":true,"jetpack_social_options":{"image_generator_settings":{"template":"highway","default_image_id":0,"font":"","enabled":false},"version":2}},"categories":[50],"tags":[],"class_list":["post-45544","post","type-post","status-publish","format-standard","has-post-thumbnail","hentry","category-judiciales"],"jetpack_publicize_connections":[],"jetpack_featured_media_url":"https:\/\/portalmovil.com.ar\/wp-content\/uploads\/2021\/12\/288d35ce-5dc9-47cb-a1e6-bf271ac7ae7b.jpg","jetpack_sharing_enabled":true,"amp_enabled":true,"_links":{"self":[{"href":"https:\/\/portalmovil.com.ar\/index.php\/wp-json\/wp\/v2\/posts\/45544","targetHints":{"allow":["GET"]}}],"collection":[{"href":"https:\/\/portalmovil.com.ar\/index.php\/wp-json\/wp\/v2\/posts"}],"about":[{"href":"https:\/\/portalmovil.com.ar\/index.php\/wp-json\/wp\/v2\/types\/post"}],"author":[{"embeddable":true,"href":"https:\/\/portalmovil.com.ar\/index.php\/wp-json\/wp\/v2\/users\/2"}],"replies":[{"embeddable":true,"href":"https:\/\/portalmovil.com.ar\/index.php\/wp-json\/wp\/v2\/comments?post=45544"}],"version-history":[{"count":2,"href":"https:\/\/portalmovil.com.ar\/index.php\/wp-json\/wp\/v2\/posts\/45544\/revisions"}],"predecessor-version":[{"id":45548,"href":"https:\/\/portalmovil.com.ar\/index.php\/wp-json\/wp\/v2\/posts\/45544\/revisions\/45548"}],"wp:featuredmedia":[{"embeddable":true,"href":"https:\/\/portalmovil.com.ar\/index.php\/wp-json\/wp\/v2\/media\/45547"}],"wp:attachment":[{"href":"https:\/\/portalmovil.com.ar\/index.php\/wp-json\/wp\/v2\/media?parent=45544"}],"wp:term":[{"taxonomy":"category","embeddable":true,"href":"https:\/\/portalmovil.com.ar\/index.php\/wp-json\/wp\/v2\/categories?post=45544"},{"taxonomy":"post_tag","embeddable":true,"href":"https:\/\/portalmovil.com.ar\/index.php\/wp-json\/wp\/v2\/tags?post=45544"}],"curies":[{"name":"wp","href":"https:\/\/api.w.org\/{rel}","templated":true}]}}