{"id":4548,"date":"2020-04-03T00:41:29","date_gmt":"2020-04-03T03:41:29","guid":{"rendered":"http:\/\/portalmovil.com.ar\/?p=4548"},"modified":"2020-04-03T00:51:38","modified_gmt":"2020-04-03T03:51:38","slug":"chaco-se-sumo-una-septima-victima-fatal-por-covid-19-en-la-provincia","status":"publish","type":"post","link":"https:\/\/portalmovil.com.ar\/index.php\/2020\/04\/03\/chaco-se-sumo-una-septima-victima-fatal-por-covid-19-en-la-provincia\/","title":{"rendered":"CHACO: Se sum\u00f3 una s\u00e9ptima v\u00edctima fatal por Covid-19 en la provincia"},"content":{"rendered":"\n<p>En las \u00faltimas horas del jueves, cerca de las 23.30, se produjo la muerte de la s\u00e9ptima persona afectada por coronavirus en la provincia del Chaco. <\/p>\n\n\n\n<p>Se trata del m\u00e9dico Francisco Mar\u00edn, de 60 a\u00f1os, qui\u00e9n padec\u00eda diabetes y mantuvo contacto con la secretaria de uno de los fallecidos y hab\u00eda atendido a otra de las v\u00edctimas fatales de COVID-19 en el Chaco.<\/p>\n\n\n\n<p>En un primer momento el m\u00e9dico se hab\u00eda negado a ser internado y hab\u00eda decidido permanecer en su domicilio, pero por el agravamiento de su cuadro oblig\u00f3 a que sea internado de urgencia en un sanatorio c\u00e9ntrico de Resistencia.<\/p>\n\n\n\n<p>\u201cPaco\u201d Mar\u00edn, qui\u00e9n era titular de la Direcci\u00f3n de Salubridad de la Municipalidad de Resistencia, permaneci\u00f3 por seis d\u00edas internado en el sanatorio Femechaco pero la demora en ingresar a recibir tratamiento habr\u00eda sido fundamental en el fatal desenlace, as\u00ed como el de otros dos pacientes que ingresaron al nosocomio con avanzados cuadros de deterioro pulmonar por COVID-19.<\/p>\n","protected":false},"excerpt":{"rendered":"<p>En las \u00faltimas horas del jueves, cerca de las 23.30, se produjo la muerte de la s\u00e9ptima persona afectada por coronavirus en la provincia del Chaco. Se trata del m\u00e9dico Francisco Mar\u00edn, de 60 a\u00f1os, qui\u00e9n padec\u00eda diabetes y mantuvo contacto con la secretaria de uno de los fallecidos y hab\u00eda atendido a otra de &hellip;<\/p>\n","protected":false},"author":2,"featured_media":4551,"comment_status":"open","ping_status":"open","sticky":false,"template":"","format":"standard","meta":{"_jetpack_memberships_contains_paid_content":false,"footnotes":"","jetpack_publicize_message":"","jetpack_publicize_feature_enabled":true,"jetpack_social_post_already_shared":true,"jetpack_social_options":{"image_generator_settings":{"template":"highway","default_image_id":0,"font":"","enabled":false},"version":2}},"categories":[37,46],"tags":[],"class_list":["post-4548","post","type-post","status-publish","format-standard","has-post-thumbnail","hentry","category-resistencia","category-salud"],"jetpack_publicize_connections":[],"jetpack_featured_media_url":"https:\/\/portalmovil.com.ar\/wp-content\/uploads\/2020\/04\/28001ff4-2008-490c-b982-3bd1a84eb2f3.jpg","jetpack_sharing_enabled":true,"amp_enabled":true,"_links":{"self":[{"href":"https:\/\/portalmovil.com.ar\/index.php\/wp-json\/wp\/v2\/posts\/4548","targetHints":{"allow":["GET"]}}],"collection":[{"href":"https:\/\/portalmovil.com.ar\/index.php\/wp-json\/wp\/v2\/posts"}],"about":[{"href":"https:\/\/portalmovil.com.ar\/index.php\/wp-json\/wp\/v2\/types\/post"}],"author":[{"embeddable":true,"href":"https:\/\/portalmovil.com.ar\/index.php\/wp-json\/wp\/v2\/users\/2"}],"replies":[{"embeddable":true,"href":"https:\/\/portalmovil.com.ar\/index.php\/wp-json\/wp\/v2\/comments?post=4548"}],"version-history":[{"count":1,"href":"https:\/\/portalmovil.com.ar\/index.php\/wp-json\/wp\/v2\/posts\/4548\/revisions"}],"predecessor-version":[{"id":4550,"href":"https:\/\/portalmovil.com.ar\/index.php\/wp-json\/wp\/v2\/posts\/4548\/revisions\/4550"}],"wp:featuredmedia":[{"embeddable":true,"href":"https:\/\/portalmovil.com.ar\/index.php\/wp-json\/wp\/v2\/media\/4551"}],"wp:attachment":[{"href":"https:\/\/portalmovil.com.ar\/index.php\/wp-json\/wp\/v2\/media?parent=4548"}],"wp:term":[{"taxonomy":"category","embeddable":true,"href":"https:\/\/portalmovil.com.ar\/index.php\/wp-json\/wp\/v2\/categories?post=4548"},{"taxonomy":"post_tag","embeddable":true,"href":"https:\/\/portalmovil.com.ar\/index.php\/wp-json\/wp\/v2\/tags?post=4548"}],"curies":[{"name":"wp","href":"https:\/\/api.w.org\/{rel}","templated":true}]}}