{"id":45371,"date":"2021-11-29T08:21:50","date_gmt":"2021-11-29T11:21:50","guid":{"rendered":"https:\/\/portalmovil.com.ar\/?p=45371"},"modified":"2021-11-29T08:21:54","modified_gmt":"2021-11-29T11:21:54","slug":"capitanich-anuncio-nuevos-beneficios-economicos-por-las-fiestas-de-fin-de-ano","status":"publish","type":"post","link":"https:\/\/portalmovil.com.ar\/index.php\/2021\/11\/29\/capitanich-anuncio-nuevos-beneficios-economicos-por-las-fiestas-de-fin-de-ano\/","title":{"rendered":"Capitanich anunci\u00f3 nuevos beneficios econ\u00f3micos por las Fiestas de Fin de A\u00f1o"},"content":{"rendered":"\n<p>Tal como lo hab\u00eda anticipado en reuni\u00f3n de gabinete, este lunes 29 de noviembre el gobernador Jorge Capitanich brindar\u00e1 una conferencia de prensa en la que har\u00e1 anuncios en materia econ\u00f3mica de cara al \u00faltimo mes del a\u00f1o y, en particular, para las fiestas. Ser\u00e1 a las 8 en el sal\u00f3n Obligado de Casa de Gobierno.<\/p>\n\n\n\n<p>Entre los principales temas, el mandatario confirmar\u00e1 el pago del aguinaldo para la administraci\u00f3n p\u00fablica provincial. Adem\u00e1s ratificar\u00e1 la continuidad de los descuentos del 50% en supermercados los mi\u00e9rcoles y del 30% en farmacias los martes. En paralelo anunciar\u00e1 nuevos beneficios en compras con tarjetas para los sectores que no est\u00e9n abarcados en supermercados, farmacias y estaciones de servicio, as\u00ed como reintegros con billetera electr\u00f3nica.<\/p>\n\n\n\n<p>Como parte de las medidas pensadas exclusivamente para que las chaque\u00f1as y los chaque\u00f1os pasen la Navidad y el A\u00f1o Nuevo de la mejor manera posible, el Gobierno va a adicionar dos d\u00edas m\u00e1s con descuentos del 50% en productos navide\u00f1os y reintegros de hasta $2.000 en supermercados. Y como es habitual, ya los primeros d\u00edas de diciembre se presentar\u00e1 la canasta navide\u00f1a de com\u00fan acuerdo con las c\u00e1maras de supermercados. El gobernador aplicar\u00e1 a\u00fan m\u00e1s medidas para cuidar el bolsillo de las familias, que ser\u00e1n anunciadas en la conferencia de este lunes.<\/p>\n","protected":false},"excerpt":{"rendered":"<p>Tal como lo hab\u00eda anticipado en reuni\u00f3n de gabinete, este lunes 29 de noviembre el gobernador Jorge Capitanich brindar\u00e1 una conferencia de prensa en la que har\u00e1 anuncios en materia econ\u00f3mica de cara al \u00faltimo mes del a\u00f1o y, en particular, para las fiestas. Ser\u00e1 a las 8 en el sal\u00f3n Obligado de Casa de &hellip;<\/p>\n","protected":false},"author":2,"featured_media":45372,"comment_status":"open","ping_status":"open","sticky":false,"template":"","format":"standard","meta":{"_jetpack_memberships_contains_paid_content":false,"footnotes":"","jetpack_publicize_message":"","jetpack_publicize_feature_enabled":true,"jetpack_social_post_already_shared":true,"jetpack_social_options":{"image_generator_settings":{"template":"highway","default_image_id":0,"font":"","enabled":false},"version":2}},"categories":[5,14,12],"tags":[],"class_list":["post-45371","post","type-post","status-publish","format-standard","has-post-thumbnail","hentry","category-chaco","category-politica","category-ultimo"],"jetpack_publicize_connections":[],"jetpack_featured_media_url":"https:\/\/portalmovil.com.ar\/wp-content\/uploads\/2021\/11\/61a4121f49021753151069.jpg","jetpack_sharing_enabled":true,"amp_enabled":true,"_links":{"self":[{"href":"https:\/\/portalmovil.com.ar\/index.php\/wp-json\/wp\/v2\/posts\/45371","targetHints":{"allow":["GET"]}}],"collection":[{"href":"https:\/\/portalmovil.com.ar\/index.php\/wp-json\/wp\/v2\/posts"}],"about":[{"href":"https:\/\/portalmovil.com.ar\/index.php\/wp-json\/wp\/v2\/types\/post"}],"author":[{"embeddable":true,"href":"https:\/\/portalmovil.com.ar\/index.php\/wp-json\/wp\/v2\/users\/2"}],"replies":[{"embeddable":true,"href":"https:\/\/portalmovil.com.ar\/index.php\/wp-json\/wp\/v2\/comments?post=45371"}],"version-history":[{"count":1,"href":"https:\/\/portalmovil.com.ar\/index.php\/wp-json\/wp\/v2\/posts\/45371\/revisions"}],"predecessor-version":[{"id":45373,"href":"https:\/\/portalmovil.com.ar\/index.php\/wp-json\/wp\/v2\/posts\/45371\/revisions\/45373"}],"wp:featuredmedia":[{"embeddable":true,"href":"https:\/\/portalmovil.com.ar\/index.php\/wp-json\/wp\/v2\/media\/45372"}],"wp:attachment":[{"href":"https:\/\/portalmovil.com.ar\/index.php\/wp-json\/wp\/v2\/media?parent=45371"}],"wp:term":[{"taxonomy":"category","embeddable":true,"href":"https:\/\/portalmovil.com.ar\/index.php\/wp-json\/wp\/v2\/categories?post=45371"},{"taxonomy":"post_tag","embeddable":true,"href":"https:\/\/portalmovil.com.ar\/index.php\/wp-json\/wp\/v2\/tags?post=45371"}],"curies":[{"name":"wp","href":"https:\/\/api.w.org\/{rel}","templated":true}]}}