{"id":45285,"date":"2021-11-25T22:05:20","date_gmt":"2021-11-26T01:05:20","guid":{"rendered":"https:\/\/portalmovil.com.ar\/?p=45285"},"modified":"2021-11-25T22:05:34","modified_gmt":"2021-11-26T01:05:34","slug":"capitanich-convocara-a-todos-los-sectores-politicos-economicos-y-sociales-a-construir-consensos","status":"publish","type":"post","link":"https:\/\/portalmovil.com.ar\/index.php\/2021\/11\/25\/capitanich-convocara-a-todos-los-sectores-politicos-economicos-y-sociales-a-construir-consensos\/","title":{"rendered":"Capitanich convocar\u00e1 a todos los sectores pol\u00edticos, econ\u00f3micos y sociales a construir consensos"},"content":{"rendered":"\n<p>El gobernador Jorge Capitanich activ\u00f3 una intensa agenda de actividades luego de la victoria electoral del pasado 14 de noviembre, donde el Frente de Todos \u2013 coalici\u00f3n que lidera \u2013 fue protagonista de una remontada hist\u00f3rica en la que se impuso frente a la alianza opositora. En ese marco, el mandatario chaque\u00f1o anticip\u00f3 que este domingo 28 publicar\u00e1 un documento convocando a todos los sectores a trabajar juntos por el presente y el futuro de la provincia.<\/p>\n\n\n\n<p>\u201cQuiero efectuar una convocatoria amplia, plural y democr\u00e1tica a los partidos pol\u00edticos con representaci\u00f3n parlamentaria con el objetivo de construir un programa de consenso pol\u00edtico, econ\u00f3mico y social. Ahora vamos todos juntos\u201d, se\u00f1al\u00f3 el gobernador.<\/p>\n\n\n\n<p>Con el objetivo puesto en la reactivaci\u00f3n econ\u00f3mica de la provincia, Capitanich enfocar\u00e1 sus esfuerzos en atraer nuevas inversiones y generar m\u00e1s y mejor empleo para los chaque\u00f1os y chaque\u00f1as. Adem\u00e1s, se buscar\u00e1 fortalecer a las cadenas de valor y a los sectores productivos con un fuerte impulso a la industria chaque\u00f1a.<\/p>\n\n\n\n<p>En las \u00faltimas horas, Capitanich mantuvo una serie de encuentros y reuniones en las que trabaj\u00f3 junto a intendentes de diversas localidades, sectores industriales, comerciantes, trabajadores, empresarios, y referentes pol\u00edticos y sociales.<\/p>\n\n\n\n<p>Adem\u00e1s, visit\u00f3 las instalaciones de la empresa Kagiva, en Brasil, que abrir\u00e1 sus puertas en la provincia en marzo pr\u00f3ximo, generando 200 puestos de trabajo locales. Desde diversos sectores destacaron la agenda del gobernador tras la victoria del pasado 14 de noviembre y valoraron que, m\u00e1s all\u00e1 del respaldo popular a su gesti\u00f3n a trav\u00e9s del voto, lejos de aminorar la marcha el mandatario contin\u00faa trabajando con un elevado nivel de proactividad y compromiso personal para fortalecer la reactivaci\u00f3n econ\u00f3mica de la provincia.<\/p>\n\n\n\n<p>En ese marco, hay que recordar que adem\u00e1s de las gestiones en Brasil (pa\u00eds que es la principal econom\u00eda de la regi\u00f3n y un socio clave para Argentina), a nivel nacional, hay cifras r\u00e9cord de exportaciones, pero adem\u00e1s, el Gobernador, tras el 14 de noviembre fortific\u00f3 su agenda de trabajo con funcionarios del Gobierno nacional, con el norte puesto en acelerar y profundizar la reacci\u00f3n pos pandemia en el territorio chaque\u00f1o.<\/p>\n","protected":false},"excerpt":{"rendered":"<p>El gobernador Jorge Capitanich activ\u00f3 una intensa agenda de actividades luego de la victoria electoral del pasado 14 de noviembre, donde el Frente de Todos \u2013 coalici\u00f3n que lidera \u2013 fue protagonista de una remontada hist\u00f3rica en la que se impuso frente a la alianza opositora. En ese marco, el mandatario chaque\u00f1o anticip\u00f3 que este &hellip;<\/p>\n","protected":false},"author":2,"featured_media":45286,"comment_status":"open","ping_status":"open","sticky":false,"template":"","format":"standard","meta":{"_jetpack_memberships_contains_paid_content":false,"footnotes":"","jetpack_publicize_message":"","jetpack_publicize_feature_enabled":true,"jetpack_social_post_already_shared":true,"jetpack_social_options":{"image_generator_settings":{"template":"highway","default_image_id":0,"font":"","enabled":false},"version":2}},"categories":[5,14,12],"tags":[],"class_list":["post-45285","post","type-post","status-publish","format-standard","has-post-thumbnail","hentry","category-chaco","category-politica","category-ultimo"],"jetpack_publicize_connections":[],"jetpack_featured_media_url":"https:\/\/portalmovil.com.ar\/wp-content\/uploads\/2021\/11\/IMG-20211125-WA0241.jpg","jetpack_sharing_enabled":true,"amp_enabled":true,"_links":{"self":[{"href":"https:\/\/portalmovil.com.ar\/index.php\/wp-json\/wp\/v2\/posts\/45285","targetHints":{"allow":["GET"]}}],"collection":[{"href":"https:\/\/portalmovil.com.ar\/index.php\/wp-json\/wp\/v2\/posts"}],"about":[{"href":"https:\/\/portalmovil.com.ar\/index.php\/wp-json\/wp\/v2\/types\/post"}],"author":[{"embeddable":true,"href":"https:\/\/portalmovil.com.ar\/index.php\/wp-json\/wp\/v2\/users\/2"}],"replies":[{"embeddable":true,"href":"https:\/\/portalmovil.com.ar\/index.php\/wp-json\/wp\/v2\/comments?post=45285"}],"version-history":[{"count":1,"href":"https:\/\/portalmovil.com.ar\/index.php\/wp-json\/wp\/v2\/posts\/45285\/revisions"}],"predecessor-version":[{"id":45287,"href":"https:\/\/portalmovil.com.ar\/index.php\/wp-json\/wp\/v2\/posts\/45285\/revisions\/45287"}],"wp:featuredmedia":[{"embeddable":true,"href":"https:\/\/portalmovil.com.ar\/index.php\/wp-json\/wp\/v2\/media\/45286"}],"wp:attachment":[{"href":"https:\/\/portalmovil.com.ar\/index.php\/wp-json\/wp\/v2\/media?parent=45285"}],"wp:term":[{"taxonomy":"category","embeddable":true,"href":"https:\/\/portalmovil.com.ar\/index.php\/wp-json\/wp\/v2\/categories?post=45285"},{"taxonomy":"post_tag","embeddable":true,"href":"https:\/\/portalmovil.com.ar\/index.php\/wp-json\/wp\/v2\/tags?post=45285"}],"curies":[{"name":"wp","href":"https:\/\/api.w.org\/{rel}","templated":true}]}}