{"id":45163,"date":"2021-11-24T15:54:30","date_gmt":"2021-11-24T18:54:30","guid":{"rendered":"https:\/\/portalmovil.com.ar\/?p=45163"},"modified":"2021-11-24T15:54:34","modified_gmt":"2021-11-24T18:54:34","slug":"proponen-que-los-policias-no-porten-armas-cuando-estan-fuera-de-servicio","status":"publish","type":"post","link":"https:\/\/portalmovil.com.ar\/index.php\/2021\/11\/24\/proponen-que-los-policias-no-porten-armas-cuando-estan-fuera-de-servicio\/","title":{"rendered":"Proponen que los polic\u00edas no porten armas cuando est\u00e1n fuera de servicio"},"content":{"rendered":"\n<p>La abogada y referente de la Coordinadora Contra la Represi\u00f3n Policial e Institucional (Correpi), Mar\u00eda del Carmen Verd\u00fa, propuso \u00absacar el arma reglamentaria\u00bb a la Polic\u00eda cuando los efectivos est\u00e9n \u00abde civil\u00bb a fin de \u00abbajar muy notoriamente la letalidad\u00bb en casos de gatillo f\u00e1cil.<br>\u00abM\u00e1s de la mitad de las muertes por gatillo f\u00e1cil se producen cuando el funcionario policial se encuentra de civil. Si sacamos el arma reglamentaria cuando no est\u00e1n cumpliendo sus tareas, no pueden intervenir por la v\u00eda violenta y reducimos las muertes a la mitad\u00bb, se\u00f1al\u00f3 Verd\u00fa en di\u00e1logo con la emisora FM La Patriada.<\/p>\n\n\n\n<p>Las declaraciones Verd\u00fa se producen en medio de las repercusiones del caso de Lucas Gonz\u00e1lez, el joven de 17 a\u00f1os asesinado la semana pasada en el contexto de un operativo irregular realizado en el barrio de Barracas por efectivos de la Polic\u00eda de la Ciudad de Buenos Aires que estaban de civil y se desplazaban en un veh\u00edculo sin identificaci\u00f3n.<\/p>\n\n\n\n<p>\u00abLa represi\u00f3n policial y la funci\u00f3n que ejerce el aparato estatal no va a cambiarse con una ley o un decreto. Tiene que ver con una cuesti\u00f3n sist\u00e9mica de las fuerzas de seguridad. Hay un mont\u00f3n de medidas concretas que podr\u00edan bajar muy notoriamente la letalidad de los polic\u00edas cuando est\u00e1n en las calles y como civiles\u00bb, apunt\u00f3.<\/p>\n\n\n\n<p>Por otro lado, Verd\u00fa se refiri\u00f3 a la quinta Marcha de la Gorra, efectuada ayer en el centro porte\u00f1o y destac\u00f3 como \u00abin\u00e9dito\u00bb que la participaci\u00f3n de \u00abmuchas organizaciones y la amplia cobertura que hicieron los medios de comunicaci\u00f3n\u00bb.<\/p>\n\n\n\n<p>La abogada consider\u00f3 que la amplia presencia de organizaciones fue \u00abresultado de una semana con cuatro hechos que evidenciaron el cuestionamiento sobre los polic\u00edas\u00bb.<\/p>\n\n\n\n<p>\u00abPrimero tuvimos la desaparici\u00f3n y muerte de Lautaro Ros\u00e9; luego el fusilamiento por gatillo f\u00e1cil de Lucas Gonz\u00e1lez. Despu\u00e9s sufrimos la muerte y tortura de una comisar\u00eda en Mar del Tuy\u00fa de Antonio Mart\u00ednez y por \u00faltimo la represi\u00f3n a la comunidad mapuche en Cuesta del Ternero (R\u00edo Negro), donde asesinaron a El\u00edas Garay, un joven de 29 a\u00f1os e integrante de esa comunidad\u00bb.<\/p>\n\n\n\n<p>En la misma l\u00ednea, la letrada afirm\u00f3 que el asesinato de Lucas Gonz\u00e1lez, jugador de las Inferiores del club Barracas Central, \u00abtuvo una explosi\u00f3n medi\u00e1tica completamente novedosa\u00bb por la relaci\u00f3n que la v\u00edctima ten\u00eda con el deporte.<\/p>\n\n\n\n<p>\u00abFue un caso que puso en forma muy evidente en los medios de comunicaci\u00f3n, que habitualmente no acompa\u00f1an la lucha antirrepresiva, todo el cuestionamiento que existe sobre los polic\u00edas de civil que portan armas reglamentarias. Recordemos que en un principio, los partes policiales hablaban en el Caso Lucas de un enfrentamiento, cuando en realidad lo se trat\u00f3 de un fusilamiento\u00bb, remarc\u00f3.<\/p>\n\n\n\n<p>Y en ese sentido, apunt\u00f3. \u00abLa mediatizaci\u00f3n puede servir porque si no se modifica la percepci\u00f3n social de estos hechos, que est\u00e1 permanentemente manipulada y cooptada por los discursos de estigmatizaci\u00f3n, de odio y de punitivismo, es muy dif\u00edcil que se logren los cambios normativos que son necesarios\u00bb.<\/p>\n\n\n\n<p>Asimismo, la abogada se\u00f1al\u00f3 que los \u00abdiscursos de odio y mano dura\u00bb en los medios de comunicaci\u00f3n son \u00abdeterminantes\u00bb porque \u00abcondicionan la percepci\u00f3n social\u00bb y llam\u00f3 a los trabajadores de prensa a \u00abrevisar c\u00f3mo se abordan los casos\u00bb.<\/p>\n\n\n\n<p>\u00abEn el caso de Lucas el parte policial se tom\u00f3 de forma acr\u00edtica para construir la noticia. Los jueces y fiscales hicieron lo mismo. Se aval\u00f3 a libro cerrado la versi\u00f3n de los efectivos y se imput\u00f3 a las v\u00edctimas sobrevivientes\u00bb, ejemplific\u00f3.<\/p>\n\n\n\n<p>Al concluir, Verd\u00fa adelant\u00f3 que el pr\u00f3ximo 17 de diciembre se presentar\u00e1 en Plaza de Mayo a las 18 el informe anual de Correpi.<\/p>\n","protected":false},"excerpt":{"rendered":"<p>La abogada y referente de la Coordinadora Contra la Represi\u00f3n Policial e Institucional (Correpi), Mar\u00eda del Carmen Verd\u00fa, propuso \u00absacar el arma reglamentaria\u00bb a la Polic\u00eda cuando los efectivos est\u00e9n \u00abde civil\u00bb a fin de \u00abbajar muy notoriamente la letalidad\u00bb en casos de gatillo f\u00e1cil.\u00abM\u00e1s de la mitad de las muertes por gatillo f\u00e1cil se &hellip;<\/p>\n","protected":false},"author":2,"featured_media":45164,"comment_status":"open","ping_status":"open","sticky":false,"template":"","format":"standard","meta":{"_jetpack_memberships_contains_paid_content":false,"footnotes":"","jetpack_publicize_message":"","jetpack_publicize_feature_enabled":true,"jetpack_social_post_already_shared":true,"jetpack_social_options":{"image_generator_settings":{"template":"highway","default_image_id":0,"font":"","enabled":false},"version":2}},"categories":[639,8],"tags":[],"class_list":["post-45163","post","type-post","status-publish","format-standard","has-post-thumbnail","hentry","category-argentina","category-policiales"],"jetpack_publicize_connections":[],"jetpack_featured_media_url":"https:\/\/portalmovil.com.ar\/wp-content\/uploads\/2021\/11\/0d867b7f6c05bf976038ef258264397b48ceaa8b.jpg","jetpack_sharing_enabled":true,"amp_enabled":true,"_links":{"self":[{"href":"https:\/\/portalmovil.com.ar\/index.php\/wp-json\/wp\/v2\/posts\/45163","targetHints":{"allow":["GET"]}}],"collection":[{"href":"https:\/\/portalmovil.com.ar\/index.php\/wp-json\/wp\/v2\/posts"}],"about":[{"href":"https:\/\/portalmovil.com.ar\/index.php\/wp-json\/wp\/v2\/types\/post"}],"author":[{"embeddable":true,"href":"https:\/\/portalmovil.com.ar\/index.php\/wp-json\/wp\/v2\/users\/2"}],"replies":[{"embeddable":true,"href":"https:\/\/portalmovil.com.ar\/index.php\/wp-json\/wp\/v2\/comments?post=45163"}],"version-history":[{"count":1,"href":"https:\/\/portalmovil.com.ar\/index.php\/wp-json\/wp\/v2\/posts\/45163\/revisions"}],"predecessor-version":[{"id":45165,"href":"https:\/\/portalmovil.com.ar\/index.php\/wp-json\/wp\/v2\/posts\/45163\/revisions\/45165"}],"wp:featuredmedia":[{"embeddable":true,"href":"https:\/\/portalmovil.com.ar\/index.php\/wp-json\/wp\/v2\/media\/45164"}],"wp:attachment":[{"href":"https:\/\/portalmovil.com.ar\/index.php\/wp-json\/wp\/v2\/media?parent=45163"}],"wp:term":[{"taxonomy":"category","embeddable":true,"href":"https:\/\/portalmovil.com.ar\/index.php\/wp-json\/wp\/v2\/categories?post=45163"},{"taxonomy":"post_tag","embeddable":true,"href":"https:\/\/portalmovil.com.ar\/index.php\/wp-json\/wp\/v2\/tags?post=45163"}],"curies":[{"name":"wp","href":"https:\/\/api.w.org\/{rel}","templated":true}]}}