{"id":44973,"date":"2021-11-20T10:35:03","date_gmt":"2021-11-20T13:35:03","guid":{"rendered":"https:\/\/portalmovil.com.ar\/?p=44973"},"modified":"2021-11-20T10:35:06","modified_gmt":"2021-11-20T13:35:06","slug":"inversion-importante-el-gobierno-financiara-una-serie-sobre-la-vida-de-l-gante","status":"publish","type":"post","link":"https:\/\/portalmovil.com.ar\/index.php\/2021\/11\/20\/inversion-importante-el-gobierno-financiara-una-serie-sobre-la-vida-de-l-gante\/","title":{"rendered":"\u00abInversi\u00f3n importante\u00bb: El Gobierno financiar\u00e1 una serie sobre la vida de L-Gante"},"content":{"rendered":"\n<p>El Gobierno comunic\u00f3 que invertir\u00e1 en un documental sobre la vida del cantante L-Gante. El anuncio se dio en el marco de la convocatoria Renacer Audiovisual, en la que fueron seleccionados 79 trabajos de todo el pa\u00eds. Uno de ellos planea profundizar sobre la carrera de Eli\u00e1n Valenzuela, creador de la famosa \u201ccumbia 420\u2033.<\/p>\n\n\n\n<p>El proyecto result\u00f3 finalista en la categor\u00eda \u201cSerie documental\u201d dentro del eje \u201cConcurso de coproducci\u00f3n con canales, se\u00f1ales y plataformas\u201d, y ser\u00e1 producido por Kuarzo Entertainment Argentina S.A., de Mart\u00edn Kweller, Guido Kaczka, Eduardo Cohen y Gerardo Waisburg. El material ser\u00e1 titulado L-Gante, la serie.<\/p>\n\n\n\n<p>Con el foco puesto en los inicios, el recorrido profesional y la intimidad del popular artista de 21 a\u00f1os, constar\u00e1 de ocho cap\u00edtulos de 26 minutos de duraci\u00f3n cada uno.<\/p>\n\n\n\n<p>Las otras categor\u00edas para las que se presentaron propuestas en el programa Renacer Audiovisual son \u201cDocumental unitario\u201d, \u201cSerie de ficci\u00f3n\u201d, \u201cSerie de ficci\u00f3n hist\u00f3rica\u201d y \u201cSerie de animaci\u00f3n\u201d, correspondientes al \u201cConcurso de producci\u00f3n provincial y regional\u201d, el \u201cConcurso de producci\u00f3n nacional\u201d y el de coproducci\u00f3n con canales y plataformas, de donde fue elegida la serie de L-Gante.<\/p>\n\n\n\n<p>La inversi\u00f3n estimada para los 79 proyectos ganadores ser\u00e1 de 2.400 millones de pesos, seg\u00fan informaron el Ministerio de Cultura y la Secretar\u00eda de Medios y Comunicaci\u00f3n P\u00fablica. \u201cEl objetivo principal es estimular y reactivar el sector a trav\u00e9s de la generaci\u00f3n de contenido de calidad\u201d, indicaron en el comunicado oficial.<\/p>\n\n\n\n<p>\u201cRenacer Audiovisual tiene el firme prop\u00f3sito de generar producci\u00f3n y trabajo dentro de un sector fuertemente afectado por la pandemia y que moviliza recursos en distintas \u00e1reas de las industrias culturales\u201d, agregaron desde la cartera que comanda Trist\u00e1n Bauer, cuya convocatoria recibi\u00f3 m\u00e1s de 600 proyectos in\u00e9ditos que fueron sometidos a votaci\u00f3n por un jurado calificado.<\/p>\n","protected":false},"excerpt":{"rendered":"<p>El Gobierno comunic\u00f3 que invertir\u00e1 en un documental sobre la vida del cantante L-Gante. El anuncio se dio en el marco de la convocatoria Renacer Audiovisual, en la que fueron seleccionados 79 trabajos de todo el pa\u00eds. Uno de ellos planea profundizar sobre la carrera de Eli\u00e1n Valenzuela, creador de la famosa \u201ccumbia 420\u2033. El &hellip;<\/p>\n","protected":false},"author":2,"featured_media":44974,"comment_status":"open","ping_status":"open","sticky":false,"template":"","format":"standard","meta":{"_jetpack_memberships_contains_paid_content":false,"footnotes":"","jetpack_publicize_message":"","jetpack_publicize_feature_enabled":true,"jetpack_social_post_already_shared":true,"jetpack_social_options":{"image_generator_settings":{"template":"highway","default_image_id":0,"font":"","enabled":false},"version":2}},"categories":[14],"tags":[],"class_list":["post-44973","post","type-post","status-publish","format-standard","has-post-thumbnail","hentry","category-politica"],"jetpack_publicize_connections":[],"jetpack_featured_media_url":"https:\/\/portalmovil.com.ar\/wp-content\/uploads\/2021\/11\/LGante.jpg","jetpack_sharing_enabled":true,"amp_enabled":true,"_links":{"self":[{"href":"https:\/\/portalmovil.com.ar\/index.php\/wp-json\/wp\/v2\/posts\/44973","targetHints":{"allow":["GET"]}}],"collection":[{"href":"https:\/\/portalmovil.com.ar\/index.php\/wp-json\/wp\/v2\/posts"}],"about":[{"href":"https:\/\/portalmovil.com.ar\/index.php\/wp-json\/wp\/v2\/types\/post"}],"author":[{"embeddable":true,"href":"https:\/\/portalmovil.com.ar\/index.php\/wp-json\/wp\/v2\/users\/2"}],"replies":[{"embeddable":true,"href":"https:\/\/portalmovil.com.ar\/index.php\/wp-json\/wp\/v2\/comments?post=44973"}],"version-history":[{"count":1,"href":"https:\/\/portalmovil.com.ar\/index.php\/wp-json\/wp\/v2\/posts\/44973\/revisions"}],"predecessor-version":[{"id":44975,"href":"https:\/\/portalmovil.com.ar\/index.php\/wp-json\/wp\/v2\/posts\/44973\/revisions\/44975"}],"wp:featuredmedia":[{"embeddable":true,"href":"https:\/\/portalmovil.com.ar\/index.php\/wp-json\/wp\/v2\/media\/44974"}],"wp:attachment":[{"href":"https:\/\/portalmovil.com.ar\/index.php\/wp-json\/wp\/v2\/media?parent=44973"}],"wp:term":[{"taxonomy":"category","embeddable":true,"href":"https:\/\/portalmovil.com.ar\/index.php\/wp-json\/wp\/v2\/categories?post=44973"},{"taxonomy":"post_tag","embeddable":true,"href":"https:\/\/portalmovil.com.ar\/index.php\/wp-json\/wp\/v2\/tags?post=44973"}],"curies":[{"name":"wp","href":"https:\/\/api.w.org\/{rel}","templated":true}]}}