{"id":44723,"date":"2021-11-16T23:12:09","date_gmt":"2021-11-17T02:12:09","guid":{"rendered":"https:\/\/portalmovil.com.ar\/?p=44723"},"modified":"2021-11-16T23:12:12","modified_gmt":"2021-11-17T02:12:12","slug":"pfizer-libera-la-patente-de-su-pastilla-contra-el-covid-19-para-fabricarse-a-bajo-costo","status":"publish","type":"post","link":"https:\/\/portalmovil.com.ar\/index.php\/2021\/11\/16\/pfizer-libera-la-patente-de-su-pastilla-contra-el-covid-19-para-fabricarse-a-bajo-costo\/","title":{"rendered":"Pfizer libera la patente de su pastilla contra el COVID-19 para fabricarse a bajo costo"},"content":{"rendered":"\n<p>La farmac\u00e9utica estadounidense\u00a0Pfizer\u00a0firm\u00f3 este martes un acuerdo con una organizaci\u00f3n auspiciada por la ONU para otorgar la licencia voluntaria de su p\u00edldora experimental contra el\u00a0coronavirus\u00a0y permitir as\u00ed que otros laboratorios la fabriquen, un pol\u00edtica opuesta a la que sostiene con su vacuna y que algunas ONGs igualmente ven como \u00abrestrictiva\u00bb por su alcance.<\/p>\n\n\n\n<p>En un comunicado, la firma dijo que conceder\u00e1 una licencia de su p\u00edldora antiviral a la organizaci\u00f3n Medicines Patent Pool (MPP), con sede en Ginebra, lo que permitir\u00e1, una vez que obtenga la autorizaci\u00f3n de su uso, a que compa\u00f1\u00edas de drogas gen\u00e9ricas puedan producir la pastilla en 95 pa\u00edses que abarcan el 53% de la poblaci\u00f3n mundial.<\/p>\n\n\n\n<p>Esto es un cambio de 180 grados respecto a lo que ocurre con su vacuna: Pfizer y otros grupos farmac\u00e9uticos son acusados de favorecer los ingresos econ\u00f3micos sobre la emergencia sanitaria al vender el inmunizante a los pa\u00edses ricos y acrecentar la brecha en el acceso frente a los de ingresos medios y bajos.<\/p>\n\n\n\n<p>Adem\u00e1s, los grandes laboratorios son, junto a la Uni\u00f3n Europea, Reino Unido y Suiza, los principales detractores de la suspensi\u00f3n temporal de la propiedad intelectual de los inoculantes que se debate sin consenso hace m\u00e1s de un a\u00f1o en la Organizaci\u00f3n Mundial del Comercio (OMC).<\/p>\n\n\n\n<p>Una de las principales razones de la modificaci\u00f3n de la posici\u00f3n de Pfizer es que su principal competidor en el mundo de los medicamentos orales contra la Covid-19, el laboratorio Merck, ya firm\u00f3 un acuerdo similar con MPP para la producci\u00f3n de gen\u00e9ricos de su droga, el molnupiravir.<\/p>\n\n\n\n<p>Ser el primero en lanzarse le permiti\u00f3 tambi\u00e9n a Merck contar con una gran ventaja: ya cuenta con autorizaci\u00f3n para su uso en pa\u00edses como Reino Unido, donde el ente regulador lo calific\u00f3 como efectivo para reducir el riesgo de hospitalizaci\u00f3n y muerte en personas con Covid-19 leve a moderado que tienen un mayor riesgo de desarrollar una enfermedad grave.<\/p>\n\n\n\n<p>Al igual que ese tratamiento, el de Pfizer, que se comercializar\u00e1 como Paxlovid, debe administrarse en un plazo de 3 a 5 d\u00edas desde la aparici\u00f3n de los s\u00edntomas.<\/p>\n\n\n\n<p>De acuerdo a ensayos cl\u00ednicos realizados por el laboratorio estadounidense, tiene una eficacia del 89% para prevenir una hospitalizaci\u00f3n o deceso entre los adultos que presentan un riesgo elevado de desarrollar un forma grave de la enfermedad.<\/p>\n\n\n\n<p>Los tratamientos de Merck y Pfizer, que tambi\u00e9n tendr\u00edan pocos efectos secundarios, prev\u00e9n diez dosis durante cinco d\u00edas.<\/p>\n\n\n\n<p>Un vocero de Unitaid, una iniciativa internacional que promueve el acceso al tratamiento de enfermedades como el sida, la malaria y la tuberculosis en poblaciones de pa\u00edses en v\u00edas de desarrollo y que cre\u00f3 la MPP, dijo que los fabricantes de medicamentos gen\u00e9ricos \u00abque reciban sublicencias podr\u00e1n ofrecer el nuevo medicamento en asociaci\u00f3n con el ritonavir, utilizado contra el virus del sida\u00bb.<\/p>\n\n\n\n<p>Si bien al acuerdo firmado este martes incluye a varios pa\u00edses de ingresos bajos y medios-bajos que est\u00e1n muy atrasados en sus campa\u00f1as de vacunaci\u00f3n, M\u00e9dicos Sin Fronteras (MSF) se mostr\u00f3 \u00abdesalentado\u00bb al calificar que su alcance es \u00abrestrictivo\u00bb por excluir a naciones que tienen una gran capacidad para fabricar gen\u00e9ricos, como el caso de Argentina.<\/p>\n\n\n\n<p>\u00abEsto nuevamente muestra c\u00f3mo las licencias voluntarias se quedan cortas y no aprovechan toda la capacidad disponible a nivel mundial para una producci\u00f3n y suministro suficientes y sostenibles de instrumentos m\u00e9dicos que le salven las vidas a todos\u00bb, dijo la asesora de pol\u00edticas legales de la organizaci\u00f3n, Yuanqiong Hu.<\/p>\n\n\n\n<p>\u00abMuchos pa\u00edses de ingresos medios altos, como Argentina, Brasil, China, Malasia y Tailandia, donde existe una capacidad de producci\u00f3n gen\u00e9rica establecida, est\u00e1n excluidos del territorio de la licencia\u00bb, a\u00f1adi\u00f3.<\/p>\n\n\n\n<p>\u201cEstamos desalentados al ver otra licencia voluntaria restrictiva durante esta pandemia mientras los casos contin\u00faan aumentando en muchos pa\u00edses. El acceso a las herramientas m\u00e9dicas contra la Covid-19 deben estar garantizado para todos, en todas partes, si realmente queremos controlar esta pandemia\u00bb, apunt\u00f3.<\/p>\n\n\n\n<p>Por el convenio, Pfizer no recibir\u00e1 regal\u00edas por las ventas en los pa\u00edses de bajos ingresos y renunciar\u00e1 a sus regal\u00edas por las ventas en todos los 95 pa\u00edses que menciona el acuerdo mientras el coronavirus siga siendo considerado como una emergencia de salud p\u00fablica de inter\u00e9s internacional por la Organizaci\u00f3n Mundial de la Salud (OMS).<a href=\"https:\/\/t.me\/minutounocom\" target=\"_blank\" rel=\"noreferrer noopener\"><\/a><\/p>\n","protected":false},"excerpt":{"rendered":"<p>La farmac\u00e9utica estadounidense\u00a0Pfizer\u00a0firm\u00f3 este martes un acuerdo con una organizaci\u00f3n auspiciada por la ONU para otorgar la licencia voluntaria de su p\u00edldora experimental contra el\u00a0coronavirus\u00a0y permitir as\u00ed que otros laboratorios la fabriquen, un pol\u00edtica opuesta a la que sostiene con su vacuna y que algunas ONGs igualmente ven como \u00abrestrictiva\u00bb por su alcance. En un &hellip;<\/p>\n","protected":false},"author":2,"featured_media":44724,"comment_status":"open","ping_status":"open","sticky":false,"template":"","format":"standard","meta":{"_jetpack_memberships_contains_paid_content":false,"footnotes":"","jetpack_publicize_message":"","jetpack_publicize_feature_enabled":true,"jetpack_social_post_already_shared":true,"jetpack_social_options":{"image_generator_settings":{"template":"highway","default_image_id":0,"font":"","enabled":false},"version":2}},"categories":[28],"tags":[],"class_list":["post-44723","post","type-post","status-publish","format-standard","has-post-thumbnail","hentry","category-actualidad"],"jetpack_publicize_connections":[],"jetpack_featured_media_url":"https:\/\/portalmovil.com.ar\/wp-content\/uploads\/2021\/11\/TLMD-pfizer-pildora-covid-19-1.jpg","jetpack_sharing_enabled":true,"amp_enabled":true,"_links":{"self":[{"href":"https:\/\/portalmovil.com.ar\/index.php\/wp-json\/wp\/v2\/posts\/44723","targetHints":{"allow":["GET"]}}],"collection":[{"href":"https:\/\/portalmovil.com.ar\/index.php\/wp-json\/wp\/v2\/posts"}],"about":[{"href":"https:\/\/portalmovil.com.ar\/index.php\/wp-json\/wp\/v2\/types\/post"}],"author":[{"embeddable":true,"href":"https:\/\/portalmovil.com.ar\/index.php\/wp-json\/wp\/v2\/users\/2"}],"replies":[{"embeddable":true,"href":"https:\/\/portalmovil.com.ar\/index.php\/wp-json\/wp\/v2\/comments?post=44723"}],"version-history":[{"count":1,"href":"https:\/\/portalmovil.com.ar\/index.php\/wp-json\/wp\/v2\/posts\/44723\/revisions"}],"predecessor-version":[{"id":44725,"href":"https:\/\/portalmovil.com.ar\/index.php\/wp-json\/wp\/v2\/posts\/44723\/revisions\/44725"}],"wp:featuredmedia":[{"embeddable":true,"href":"https:\/\/portalmovil.com.ar\/index.php\/wp-json\/wp\/v2\/media\/44724"}],"wp:attachment":[{"href":"https:\/\/portalmovil.com.ar\/index.php\/wp-json\/wp\/v2\/media?parent=44723"}],"wp:term":[{"taxonomy":"category","embeddable":true,"href":"https:\/\/portalmovil.com.ar\/index.php\/wp-json\/wp\/v2\/categories?post=44723"},{"taxonomy":"post_tag","embeddable":true,"href":"https:\/\/portalmovil.com.ar\/index.php\/wp-json\/wp\/v2\/tags?post=44723"}],"curies":[{"name":"wp","href":"https:\/\/api.w.org\/{rel}","templated":true}]}}