{"id":44661,"date":"2021-11-16T11:27:24","date_gmt":"2021-11-16T14:27:24","guid":{"rendered":"https:\/\/portalmovil.com.ar\/?p=44661"},"modified":"2021-11-16T11:38:49","modified_gmt":"2021-11-16T14:38:49","slug":"autoridades-del-colegio-don-bosco-efectuaron-un-comunicado-al-estilo-poncio-pilatos","status":"publish","type":"post","link":"https:\/\/portalmovil.com.ar\/index.php\/2021\/11\/16\/autoridades-del-colegio-don-bosco-efectuaron-un-comunicado-al-estilo-poncio-pilatos\/","title":{"rendered":"Autoridades del colegio Don Bosco efectuaron un comunicado al estilo Poncio Pilatos"},"content":{"rendered":"\n<p>En la ma\u00f1ana del jueves 11, se realiz\u00f3 en el&nbsp;Colegio Don Bosco una exposici\u00f3n que gener\u00f3 molestias en una parte de la comunidad educativa. Se trata de una actividad organizada por la Regional Educativa D\u00e9cima para divulgar las actividades de las expresiones educativas que existen en la provincia, el rol del colegio fue de prestar sus instalaciones para tal fin.&nbsp;&nbsp;<\/p>\n\n\n\n<p>El problema ocurri\u00f3 a ra\u00edz de la participaci\u00f3n de la Escuela de Gesti\u00f3n Social N\u00b0 2 del barrio Emerenciano Sena, ya que cuando algunos padres advirtieron esta presencia se manifestaron en contra de ellos y hasta retiraron a sus hijos de la instituci\u00f3n.&nbsp;<\/p>\n\n\n\n<figure class=\"wp-block-image size-full is-resized\"><img loading=\"lazy\" decoding=\"async\" src=\"https:\/\/portalmovil.com.ar\/wp-content\/uploads\/2021\/11\/275751w680h900.jpg\" alt=\"\" class=\"wp-image-44662\" width=\"917\" height=\"635\" srcset=\"https:\/\/portalmovil.com.ar\/wp-content\/uploads\/2021\/11\/275751w680h900.jpg 680w, https:\/\/portalmovil.com.ar\/wp-content\/uploads\/2021\/11\/275751w680h900-300x208.jpg 300w, https:\/\/portalmovil.com.ar\/wp-content\/uploads\/2021\/11\/275751w680h900-392x272.jpg 392w, https:\/\/portalmovil.com.ar\/wp-content\/uploads\/2021\/11\/275751w680h900-130x90.jpg 130w\" sizes=\"auto, (max-width: 917px) 100vw, 917px\" \/><figcaption>YFOTO: DIARIO NORTE<\/figcaption><\/figure>\n\n\n\n<p>Uno de los padres expres\u00f3 su \u00abenojo y repudio&nbsp;no solamente contra el Ministerio de Educaci\u00f3n de la Provincia del Chaco sino con algunas de las autoridades del Colegio Don Bosco\u00bb.&nbsp;<\/p>\n\n\n\n<p>Asimismo, otro de los cuestionamientos de varias familias fue la falta de cumplimiento del protocolo sanitario en dicha actividad, lo que no se condice con las exigencias diarias que las familias deben cumplir.<\/p>\n\n\n\n<p>El ministro de Educaci\u00f3n Aldo\u00a0Lineras, por su parte, explic\u00f3 que se trata de una actividad que ya se realiz\u00f3 anteriormente con otras instituciones y ofreci\u00f3 su \u00abdisponibilidad para hablar con los padres de esta situaci\u00f3n, para explicarles c\u00f3mo fue la situaci\u00f3n\u00bb.\u00a0 Y aseguro que se investigara lo sucedido.<\/p>\n\n\n\n<p>Mediante un comunicado, las autoridades del colegio Don Bosco aseguran que \u00abla Escuela P\u00fablica de Gesti\u00f3n Social N\u00b0 2 \u201cEmerenciano Sena\u201d se instal\u00f3 en el patio ocupando m\u00e1s espacios que los acordados y exhibiendo pancartas y carteles de contenido pol\u00edtico que se encontraban fuera de los criterios y de la tem\u00e1tica de participaci\u00f3n de \u00e9sta muestra escolar: ciencia, arte y danza\u00bb. <\/p>\n\n\n\n<p>La instituci\u00f3n educativa religiosa dejo en evidencia el malestar de algunos padres el odio hacia el pobre. El adoctrinamiento fue el reclamos de muchos, sin embargo nadie los obliga e incentiva aceptar su ideolog\u00eda. Tal como el mismo colegio brinda educaci\u00f3n religiosa con los escudo de sus santos.<\/p>\n\n\n\n<figure class=\"wp-block-embed is-type-rich is-provider-gestor-del-servicio wp-block-embed-gestor-del-servicio\"><div class=\"wp-block-embed__wrapper\">\n<div class=\"fb-post\" data-href=\"https:\/\/www.facebook.com\/donboscoresistencia\/posts\/2680850655393713\" data-width=\"552\" style=\"background-color: #fff; display: inline-block;\"><\/div>\n<\/div><\/figure>\n\n\n\n<p>Militantes de Mujeres al Frente, que lidera Marcela Acu\u00f1a, y MTD 17 de Julio de Tito L\u00f3pez, se manifestaron esta ma\u00f1ana frente al colegio Don Bosco. <\/p>\n","protected":false},"excerpt":{"rendered":"<p>En la ma\u00f1ana del jueves 11, se realiz\u00f3 en el&nbsp;Colegio Don Bosco una exposici\u00f3n que gener\u00f3 molestias en una parte de la comunidad educativa. Se trata de una actividad organizada por la Regional Educativa D\u00e9cima para divulgar las actividades de las expresiones educativas que existen en la provincia, el rol del colegio fue de prestar &hellip;<\/p>\n","protected":false},"author":2,"featured_media":44663,"comment_status":"open","ping_status":"open","sticky":false,"template":"","format":"standard","meta":{"_jetpack_memberships_contains_paid_content":false,"footnotes":"","jetpack_publicize_message":"","jetpack_publicize_feature_enabled":true,"jetpack_social_post_already_shared":true,"jetpack_social_options":{"image_generator_settings":{"template":"highway","default_image_id":0,"font":"","enabled":false},"version":2}},"categories":[3],"tags":[],"class_list":["post-44661","post","type-post","status-publish","format-standard","has-post-thumbnail","hentry","category-sociedad"],"jetpack_publicize_connections":[],"jetpack_featured_media_url":"https:\/\/portalmovil.com.ar\/wp-content\/uploads\/2021\/11\/whatsapp_image_2021-11-11_at_14.36.49_1.jpg","jetpack_sharing_enabled":true,"amp_enabled":true,"_links":{"self":[{"href":"https:\/\/portalmovil.com.ar\/index.php\/wp-json\/wp\/v2\/posts\/44661","targetHints":{"allow":["GET"]}}],"collection":[{"href":"https:\/\/portalmovil.com.ar\/index.php\/wp-json\/wp\/v2\/posts"}],"about":[{"href":"https:\/\/portalmovil.com.ar\/index.php\/wp-json\/wp\/v2\/types\/post"}],"author":[{"embeddable":true,"href":"https:\/\/portalmovil.com.ar\/index.php\/wp-json\/wp\/v2\/users\/2"}],"replies":[{"embeddable":true,"href":"https:\/\/portalmovil.com.ar\/index.php\/wp-json\/wp\/v2\/comments?post=44661"}],"version-history":[{"count":4,"href":"https:\/\/portalmovil.com.ar\/index.php\/wp-json\/wp\/v2\/posts\/44661\/revisions"}],"predecessor-version":[{"id":44669,"href":"https:\/\/portalmovil.com.ar\/index.php\/wp-json\/wp\/v2\/posts\/44661\/revisions\/44669"}],"wp:featuredmedia":[{"embeddable":true,"href":"https:\/\/portalmovil.com.ar\/index.php\/wp-json\/wp\/v2\/media\/44663"}],"wp:attachment":[{"href":"https:\/\/portalmovil.com.ar\/index.php\/wp-json\/wp\/v2\/media?parent=44661"}],"wp:term":[{"taxonomy":"category","embeddable":true,"href":"https:\/\/portalmovil.com.ar\/index.php\/wp-json\/wp\/v2\/categories?post=44661"},{"taxonomy":"post_tag","embeddable":true,"href":"https:\/\/portalmovil.com.ar\/index.php\/wp-json\/wp\/v2\/tags?post=44661"}],"curies":[{"name":"wp","href":"https:\/\/api.w.org\/{rel}","templated":true}]}}