{"id":4463,"date":"2020-04-01T00:43:38","date_gmt":"2020-04-01T03:43:38","guid":{"rendered":"http:\/\/portalmovil.com.ar\/?p=4463"},"modified":"2020-04-01T00:43:41","modified_gmt":"2020-04-01T03:43:41","slug":"resistencia-circulaba-en-una-moto-robada-y-fue-detenido","status":"publish","type":"post","link":"https:\/\/portalmovil.com.ar\/index.php\/2020\/04\/01\/resistencia-circulaba-en-una-moto-robada-y-fue-detenido\/","title":{"rendered":"RESISTENCIA: Circulaba en una moto robada y fue detenido"},"content":{"rendered":"\n<p>En la siesta de ayer, alrededor de las 13.00, efectivos policiales estaban apostados en el acceso norte de la Capital provincial, donde detuvieron el paso una motocicleta marca Motomel, B110, color gris, que era conducida, por un hombre mayor de edad.<\/p>\n\n\n\n<figure class=\"wp-block-image size-large\"><img loading=\"lazy\" decoding=\"async\" width=\"696\" height=\"472\" src=\"https:\/\/portalmovil.com.ar\/wp-content\/uploads\/2020\/04\/91846788_522079898454319_819964975417131008_n.gif\" alt=\"\" class=\"wp-image-4464\"\/><\/figure>\n\n\n\n<p>Como parte del operativo, luego de consultarle por qu\u00e9 estaba circulando en la v\u00eda p\u00fablica, corroboraron la numeraci\u00f3n de chasis y motor, en el padr\u00f3n unificado.<\/p>\n\n\n\n<p>Minutos despu\u00e9s, establecieron que el rodado ten\u00eda un Pedido de Secuestro de fecha 05\/10\/17, a solicitud de Comisar\u00eda 1\u00b0 de Barranqueras, en causa \u201cSupuesto Robo\u201d.<\/p>\n\n\n\n<p>Por tal motivo, se procedi\u00f3 al formal secuestro del rodado y posterior traslado del ciudadano hasta Sanidad policial, para luego ser entregados a la Guardia de prevenci\u00f3n de la unidad Portuaria.<\/p>\n","protected":false},"excerpt":{"rendered":"<p>En la siesta de ayer, alrededor de las 13.00, efectivos policiales estaban apostados en el acceso norte de la Capital provincial, donde detuvieron el paso una motocicleta marca Motomel, B110, color gris, que era conducida, por un hombre mayor de edad. Como parte del operativo, luego de consultarle por qu\u00e9 estaba circulando en la v\u00eda &hellip;<\/p>\n","protected":false},"author":2,"featured_media":4465,"comment_status":"open","ping_status":"open","sticky":false,"template":"","format":"standard","meta":{"_jetpack_memberships_contains_paid_content":false,"footnotes":"","jetpack_publicize_message":"","jetpack_publicize_feature_enabled":true,"jetpack_social_post_already_shared":true,"jetpack_social_options":{"image_generator_settings":{"template":"highway","default_image_id":0,"font":"","enabled":false},"version":2}},"categories":[8,37],"tags":[],"class_list":["post-4463","post","type-post","status-publish","format-standard","has-post-thumbnail","hentry","category-policiales","category-resistencia"],"jetpack_publicize_connections":[],"jetpack_featured_media_url":"https:\/\/portalmovil.com.ar\/wp-content\/uploads\/2020\/04\/92021843_579567589313236_6039921016971460608_n.jpg","jetpack_sharing_enabled":true,"amp_enabled":true,"_links":{"self":[{"href":"https:\/\/portalmovil.com.ar\/index.php\/wp-json\/wp\/v2\/posts\/4463","targetHints":{"allow":["GET"]}}],"collection":[{"href":"https:\/\/portalmovil.com.ar\/index.php\/wp-json\/wp\/v2\/posts"}],"about":[{"href":"https:\/\/portalmovil.com.ar\/index.php\/wp-json\/wp\/v2\/types\/post"}],"author":[{"embeddable":true,"href":"https:\/\/portalmovil.com.ar\/index.php\/wp-json\/wp\/v2\/users\/2"}],"replies":[{"embeddable":true,"href":"https:\/\/portalmovil.com.ar\/index.php\/wp-json\/wp\/v2\/comments?post=4463"}],"version-history":[{"count":1,"href":"https:\/\/portalmovil.com.ar\/index.php\/wp-json\/wp\/v2\/posts\/4463\/revisions"}],"predecessor-version":[{"id":4466,"href":"https:\/\/portalmovil.com.ar\/index.php\/wp-json\/wp\/v2\/posts\/4463\/revisions\/4466"}],"wp:featuredmedia":[{"embeddable":true,"href":"https:\/\/portalmovil.com.ar\/index.php\/wp-json\/wp\/v2\/media\/4465"}],"wp:attachment":[{"href":"https:\/\/portalmovil.com.ar\/index.php\/wp-json\/wp\/v2\/media?parent=4463"}],"wp:term":[{"taxonomy":"category","embeddable":true,"href":"https:\/\/portalmovil.com.ar\/index.php\/wp-json\/wp\/v2\/categories?post=4463"},{"taxonomy":"post_tag","embeddable":true,"href":"https:\/\/portalmovil.com.ar\/index.php\/wp-json\/wp\/v2\/tags?post=4463"}],"curies":[{"name":"wp","href":"https:\/\/api.w.org\/{rel}","templated":true}]}}