{"id":44629,"date":"2021-11-15T20:46:25","date_gmt":"2021-11-15T23:46:25","guid":{"rendered":"https:\/\/portalmovil.com.ar\/?p=44629"},"modified":"2021-11-15T20:46:51","modified_gmt":"2021-11-15T23:46:51","slug":"el-pais-que-viene-es-el-de-la-recuperacion-economica","status":"publish","type":"post","link":"https:\/\/portalmovil.com.ar\/index.php\/2021\/11\/15\/el-pais-que-viene-es-el-de-la-recuperacion-economica\/","title":{"rendered":"\u201cEl pa\u00eds que viene es el de la recuperaci\u00f3n econ\u00f3mica\u201d"},"content":{"rendered":"\n<p>El gobernador Jorge Capitanich particip\u00f3 esta tarde del programa\u00a0<strong>La hora de V\u00edctor Hugo<\/strong>\u00a0en la se\u00f1al de cable C5N, oportunidad en la que se refiri\u00f3 al pa\u00eds que viene, a la convocatoria del presidente de la Naci\u00f3n, Alberto Fern\u00e1ndez a la oposici\u00f3n pol\u00edtica y a lo que tiene para ofrecer al Chaco en materia industrial y para el desarrollo del pa\u00eds. <\/p>\n\n\n\n<p>Junto a V\u00edctor Hugo Morales y su equipo, el mandatario provincial se mostr\u00f3 distendido y relajado, m\u00e1s all\u00e1 de reflejar la hist\u00f3rica elecci\u00f3n legislativa del domingo 14 que le permiti\u00f3 remontar m\u00e1s de 11 puntos respecto a las PASO.<\/p>\n\n\n\n<p><strong>\u00bfQu\u00e9 pa\u00eds viene?,<\/strong>\u00a0fue la pregunta del periodista. \u201cEl pa\u00eds que viene es el de la recuperaci\u00f3n econ\u00f3mica. Esta es la exigencia que nos plantean todos los votantes: tierra urbana, vivienda, trabajo generado potenciaci\u00f3n del consumo, inversi\u00f3n, demanda agregada y exportaciones.\u201d, dijo al respecto. <\/p>\n\n\n\n<p>Y agreg\u00f3: \u201cNo hay que perder m\u00e1s el tiempo y tenemos que enfocarnos porque este a\u00f1o la econom\u00eda argentina puede crecer entre el 8 y el 10%\u201d.<\/p>\n\n\n\n<p>A su vez, le consultaron sobre la convocatoria a la oposici\u00f3n y si val\u00eda la pena: \u201cEn mi caso he intentado muchas veces convocar a la oposici\u00f3n.&nbsp;<strong>Tuve dos respuestas: silencio y ausencia<\/strong>\u201d.<\/p>\n\n\n\n<p>Finalmente, Capitanich se refiri\u00f3 al desarrollo industrial y a la potencialidad que tiene la provincia. \u201cChaco tiene mucho para ofrecer en materia de bioenerg\u00eda, ya hemos tenido dos inversiones muy significativas de 40 millones de d\u00f3lares en plantas de biomasa; se est\u00e1 instalando una planta de energ\u00eda solar e ir creciendo en energ\u00edas limpias y renovables\u201d. <\/p>\n\n\n\n<p>Estamos muy enfocados en el tema de bonos de carb\u00f3n, en el Norte argentino est\u00e1 la mayor reserva de biodiversidad despu\u00e9s de la Amazonia\u201d, dijo. Y cerr\u00f3: \u201cSomos acreedores ambientales y el mundo nos debe una reparaci\u00f3n de las injusticias que ha vivido las comunidades originarias y criollos. Aparte tenemos un desarrollo industrial muy importante\u201d.<\/p>\n","protected":false},"excerpt":{"rendered":"<p>El gobernador Jorge Capitanich particip\u00f3 esta tarde del programa\u00a0La hora de V\u00edctor Hugo\u00a0en la se\u00f1al de cable C5N, oportunidad en la que se refiri\u00f3 al pa\u00eds que viene, a la convocatoria del presidente de la Naci\u00f3n, Alberto Fern\u00e1ndez a la oposici\u00f3n pol\u00edtica y a lo que tiene para ofrecer al Chaco en materia industrial y &hellip;<\/p>\n","protected":false},"author":2,"featured_media":44630,"comment_status":"open","ping_status":"open","sticky":false,"template":"","format":"standard","meta":{"_jetpack_memberships_contains_paid_content":false,"footnotes":"","jetpack_publicize_message":"","jetpack_publicize_feature_enabled":true,"jetpack_social_post_already_shared":true,"jetpack_social_options":{"image_generator_settings":{"template":"highway","default_image_id":0,"font":"","enabled":false},"version":2}},"categories":[5,14,12],"tags":[],"class_list":["post-44629","post","type-post","status-publish","format-standard","has-post-thumbnail","hentry","category-chaco","category-politica","category-ultimo"],"jetpack_publicize_connections":[],"jetpack_featured_media_url":"https:\/\/portalmovil.com.ar\/wp-content\/uploads\/2021\/11\/FB_IMG_1637019830915.jpg","jetpack_sharing_enabled":true,"amp_enabled":true,"_links":{"self":[{"href":"https:\/\/portalmovil.com.ar\/index.php\/wp-json\/wp\/v2\/posts\/44629","targetHints":{"allow":["GET"]}}],"collection":[{"href":"https:\/\/portalmovil.com.ar\/index.php\/wp-json\/wp\/v2\/posts"}],"about":[{"href":"https:\/\/portalmovil.com.ar\/index.php\/wp-json\/wp\/v2\/types\/post"}],"author":[{"embeddable":true,"href":"https:\/\/portalmovil.com.ar\/index.php\/wp-json\/wp\/v2\/users\/2"}],"replies":[{"embeddable":true,"href":"https:\/\/portalmovil.com.ar\/index.php\/wp-json\/wp\/v2\/comments?post=44629"}],"version-history":[{"count":1,"href":"https:\/\/portalmovil.com.ar\/index.php\/wp-json\/wp\/v2\/posts\/44629\/revisions"}],"predecessor-version":[{"id":44631,"href":"https:\/\/portalmovil.com.ar\/index.php\/wp-json\/wp\/v2\/posts\/44629\/revisions\/44631"}],"wp:featuredmedia":[{"embeddable":true,"href":"https:\/\/portalmovil.com.ar\/index.php\/wp-json\/wp\/v2\/media\/44630"}],"wp:attachment":[{"href":"https:\/\/portalmovil.com.ar\/index.php\/wp-json\/wp\/v2\/media?parent=44629"}],"wp:term":[{"taxonomy":"category","embeddable":true,"href":"https:\/\/portalmovil.com.ar\/index.php\/wp-json\/wp\/v2\/categories?post=44629"},{"taxonomy":"post_tag","embeddable":true,"href":"https:\/\/portalmovil.com.ar\/index.php\/wp-json\/wp\/v2\/tags?post=44629"}],"curies":[{"name":"wp","href":"https:\/\/api.w.org\/{rel}","templated":true}]}}