{"id":44316,"date":"2021-11-10T19:21:03","date_gmt":"2021-11-10T22:21:03","guid":{"rendered":"https:\/\/portalmovil.com.ar\/?p=44316"},"modified":"2021-11-10T19:21:05","modified_gmt":"2021-11-10T22:21:05","slug":"iglesias-evangelicas-adhieren-al-frente-de-todos","status":"publish","type":"post","link":"https:\/\/portalmovil.com.ar\/index.php\/2021\/11\/10\/iglesias-evangelicas-adhieren-al-frente-de-todos\/","title":{"rendered":"Iglesias Evang\u00e9licas adhieren al Frente de Todos"},"content":{"rendered":"\n<p>Referentes y l\u00edderes de 33 Iglesias Evang\u00e9licas, nucleados en la Red de Integraci\u00f3n Cristiana, manifestaron su adhesi\u00f3n al Frente de Todos Chaco. <\/p>\n\n\n\n<p>En un comunicado expresaron, los firmantes Alfredo Alcaraz, Pablo Guevara, Adela Acosta, Carlos Ch\u00e1vez, Sergio Blanco y Miguel Gim\u00e9nez, entre otros, invitaron a la comunidad a que el pr\u00f3ximo 14 de noviembre acompa\u00f1e a la lista 501 del Frente de Todos: \u201cComo dice el libro de proverbios, capitulo.4, vers\u00edculo 23:\u00a0<strong><em>Debemos guardar el\u00a0coraz\u00f3n,\u00a0porque de \u00e9l mana la vida<\/em><\/strong>\u201d, destacan en su escrito.<\/p>\n\n\n\n<p>Este es el comunicado completo de los l\u00edderes evang\u00e9licos: \u201cUna de las acepciones del t\u00e9rmino\u00a0<strong>Pol\u00edtica<\/strong>, la define como el\u00a0<strong>arte de lo posible<\/strong>. Mientras que la Biblia nos ense\u00f1a que\u00a0<strong>al que cree todo le es posible<\/strong>. Del resultado del cruzamiento de ambos conceptos, podr\u00eda afirmarse que quienes creemos, somos los m\u00e1s aptos para el ejercicio de este arte. <\/p>\n\n\n\n<p>La Iglesia Evang\u00e9lica hace pol\u00edtica las 24 horas, los siete d\u00edas de la semana atendiendo el desarrollo integral del hombre y su familia. Medios de comunicaci\u00f3n, escuelas, Institutos de recuperaci\u00f3n de adicciones, formaci\u00f3n musical y de idiomas, asilos, comedores; son algunas de las exteriorizaciones de esta permanente tarea de asistencia social\u201d.<\/p>\n\n\n\n<p>y agregan: \u201cEn virtud de ello, pretendemos ser garantes de todas aquellas decisiones que acompa\u00f1en la industria provincial y nacional, la recuperaci\u00f3n econ\u00f3mica, el valor agregado en origen y la obra p\u00fablica como sin\u00f3nimo de crecimiento, comunicaci\u00f3n al menor costo y seguridad\u201d. A su vez destacan: \u201cHemos visto durante dos gestiones y media, el incansable trajinar de un hombre llegado de una colonia montenegrina, que reivindic\u00f3 la pol\u00edtica desde el trabajo y el conocimiento. Que siempre garantiz\u00f3 el libre ejercicio de nuestro culto y nos acompa\u00f1\u00f3 en infinidad de celebraciones, gestiones y obras para nuestra comunidad. Aprendimos muchas cosas de \u00e9l. \u00a1<strong>Lo consideramos nuestro hermano<\/strong>!\u201d.<\/p>\n\n\n\n<p>\u201cDurante casi catorce a\u00f1os de funci\u00f3n ejecutiva lo vimos en una sola jornada, visitar y charlar con estudiantes, al rato entregar tablets reafirmando la inclusi\u00f3n digital, momentos despu\u00e9s conduciendo su autom\u00f3vil recorrer una obra de trascendencia hist\u00f3rica como la autov\u00eda de la ruta 11, \u00f2 m\u00e1s tarde entregar maquinas viales en el sudoeste o inauguran escuelas y hospitales en alg\u00fan punto del norte impenetrable. Nunca antes tuvimos un Gobernador de esos quilates y esa entrega\u201d, concluyen y finalizan: \u201cPorque adem\u00e1s de nuestro rol de ministros del evangelio, somos ciudadanos, trabajadores, profesionales, pagamos nuestros impuestos y pretendemos de una vez por todas hablar desde el coraz\u00f3n, ponerle nombre, apellido y argumentos serios a una definici\u00f3n pol\u00edtica, libre y democr\u00e1tica. En s\u00edntesis, dar la cara, sin andar poniendo huevos en distintas canastas. Es nuestra intenci\u00f3n que nos vean como personas de servicio con definiciones claras\u201d.<\/p>\n\n\n\n<p>El comunicado es rubricado, entre otros, por representantes de las iglesias El Reino de los Cielos, Mensajero de Sion, Una Voz Prof\u00e9tica, Alfa y Omega, Mensaje de Libertad, Iglesia Nuevo Tiempo, Asamblea de Dios en Misiones, Ministerio Cristiano Encuentro con la Vida, Iglesia Roca Viva, Tempo de Dios, Cristo es Amor, Vivo para Cristo, Jes\u00fas es la Respuesta, Cristo en Acci\u00f3n y Iglesia Jes\u00fas Sana y Salva.<\/p>\n","protected":false},"excerpt":{"rendered":"<p>Referentes y l\u00edderes de 33 Iglesias Evang\u00e9licas, nucleados en la Red de Integraci\u00f3n Cristiana, manifestaron su adhesi\u00f3n al Frente de Todos Chaco. En un comunicado expresaron, los firmantes Alfredo Alcaraz, Pablo Guevara, Adela Acosta, Carlos Ch\u00e1vez, Sergio Blanco y Miguel Gim\u00e9nez, entre otros, invitaron a la comunidad a que el pr\u00f3ximo 14 de noviembre acompa\u00f1e &hellip;<\/p>\n","protected":false},"author":2,"featured_media":44317,"comment_status":"open","ping_status":"open","sticky":false,"template":"","format":"standard","meta":{"_jetpack_memberships_contains_paid_content":false,"footnotes":"","jetpack_publicize_message":"","jetpack_publicize_feature_enabled":true,"jetpack_social_post_already_shared":true,"jetpack_social_options":{"image_generator_settings":{"template":"highway","default_image_id":0,"font":"","enabled":false},"version":2}},"categories":[5,14],"tags":[],"class_list":["post-44316","post","type-post","status-publish","format-standard","has-post-thumbnail","hentry","category-chaco","category-politica"],"jetpack_publicize_connections":[],"jetpack_featured_media_url":"https:\/\/portalmovil.com.ar\/wp-content\/uploads\/2021\/11\/618c02e4c11a8887275401.jpg","jetpack_sharing_enabled":true,"amp_enabled":true,"_links":{"self":[{"href":"https:\/\/portalmovil.com.ar\/index.php\/wp-json\/wp\/v2\/posts\/44316","targetHints":{"allow":["GET"]}}],"collection":[{"href":"https:\/\/portalmovil.com.ar\/index.php\/wp-json\/wp\/v2\/posts"}],"about":[{"href":"https:\/\/portalmovil.com.ar\/index.php\/wp-json\/wp\/v2\/types\/post"}],"author":[{"embeddable":true,"href":"https:\/\/portalmovil.com.ar\/index.php\/wp-json\/wp\/v2\/users\/2"}],"replies":[{"embeddable":true,"href":"https:\/\/portalmovil.com.ar\/index.php\/wp-json\/wp\/v2\/comments?post=44316"}],"version-history":[{"count":1,"href":"https:\/\/portalmovil.com.ar\/index.php\/wp-json\/wp\/v2\/posts\/44316\/revisions"}],"predecessor-version":[{"id":44318,"href":"https:\/\/portalmovil.com.ar\/index.php\/wp-json\/wp\/v2\/posts\/44316\/revisions\/44318"}],"wp:featuredmedia":[{"embeddable":true,"href":"https:\/\/portalmovil.com.ar\/index.php\/wp-json\/wp\/v2\/media\/44317"}],"wp:attachment":[{"href":"https:\/\/portalmovil.com.ar\/index.php\/wp-json\/wp\/v2\/media?parent=44316"}],"wp:term":[{"taxonomy":"category","embeddable":true,"href":"https:\/\/portalmovil.com.ar\/index.php\/wp-json\/wp\/v2\/categories?post=44316"},{"taxonomy":"post_tag","embeddable":true,"href":"https:\/\/portalmovil.com.ar\/index.php\/wp-json\/wp\/v2\/tags?post=44316"}],"curies":[{"name":"wp","href":"https:\/\/api.w.org\/{rel}","templated":true}]}}