{"id":4417,"date":"2020-03-31T11:56:47","date_gmt":"2020-03-31T14:56:47","guid":{"rendered":"http:\/\/portalmovil.com.ar\/?p=4417"},"modified":"2020-03-31T11:56:51","modified_gmt":"2020-03-31T14:56:51","slug":"chaco-se-confirma-la-quinta-muerte-por-coronavirus-en-resistencia","status":"publish","type":"post","link":"https:\/\/portalmovil.com.ar\/index.php\/2020\/03\/31\/chaco-se-confirma-la-quinta-muerte-por-coronavirus-en-resistencia\/","title":{"rendered":"CHACO: Se confirma la quinta muerte por coronavirus en Resistencia"},"content":{"rendered":"\n<p>La provincia del Chaco registra la quinta muerte con COVID-19 y de esta manera la lista de fallecidos como consecuencia del virus a nivel pa\u00eds suman 25. Se trata de una paciente que estaba internada en el Sanatorio G\u00fcemes de Resistencia quien tuvo contacto estrecho con quien se denomina la paciente 0 en la provincia.<\/p>\n\n\n\n<p>Se trata de Ana Mar\u00eda Tonzar, una mujer de 63 a\u00f1os que estaba internada hace ya varios d\u00edas en el Sanatorio G\u00fcemes de la capital chaque\u00f1a<\/p>\n\n\n\n<p>La mujer hab\u00eda mantenido contacto estrecho y hab\u00eda compartido mate con una de las mujeres que regres\u00f3 de Espa\u00f1a y que m\u00e1s tarde fueron diagnosticadas con coronavirus. <\/p>\n\n\n\n<p>A\u00fan antes de haber sido confirmada como paciente de la enfermedad, Tonzar padeci\u00f3 un grave episodio en el Sanatorio G\u00fcemes por insuficiencia respiratoria. Su hija, desesperada, hab\u00eda hecho un urgente llamado a las autoridades a trav\u00e9s de su cuenta de Facebook indicando que\u00a0\u201cmi mam\u00e1 se nos est\u00e1 muriendo por posible Coronavirus, est\u00e1 en el G\u00fcemes no puede respirar\u201d. <\/p>\n","protected":false},"excerpt":{"rendered":"<p>La provincia del Chaco registra la quinta muerte con COVID-19 y de esta manera la lista de fallecidos como consecuencia del virus a nivel pa\u00eds suman 25. Se trata de una paciente que estaba internada en el Sanatorio G\u00fcemes de Resistencia quien tuvo contacto estrecho con quien se denomina la paciente 0 en la provincia. &hellip;<\/p>\n","protected":false},"author":2,"featured_media":4418,"comment_status":"open","ping_status":"open","sticky":false,"template":"","format":"standard","meta":{"_jetpack_memberships_contains_paid_content":false,"footnotes":"","jetpack_publicize_message":"","jetpack_publicize_feature_enabled":true,"jetpack_social_post_already_shared":true,"jetpack_social_options":{"image_generator_settings":{"template":"highway","default_image_id":0,"font":"","enabled":false},"version":2}},"categories":[5,46,12],"tags":[],"class_list":["post-4417","post","type-post","status-publish","format-standard","has-post-thumbnail","hentry","category-chaco","category-salud","category-ultimo"],"jetpack_publicize_connections":[],"jetpack_featured_media_url":"https:\/\/portalmovil.com.ar\/wp-content\/uploads\/2020\/03\/s_guemes.jpg","jetpack_sharing_enabled":true,"amp_enabled":true,"_links":{"self":[{"href":"https:\/\/portalmovil.com.ar\/index.php\/wp-json\/wp\/v2\/posts\/4417","targetHints":{"allow":["GET"]}}],"collection":[{"href":"https:\/\/portalmovil.com.ar\/index.php\/wp-json\/wp\/v2\/posts"}],"about":[{"href":"https:\/\/portalmovil.com.ar\/index.php\/wp-json\/wp\/v2\/types\/post"}],"author":[{"embeddable":true,"href":"https:\/\/portalmovil.com.ar\/index.php\/wp-json\/wp\/v2\/users\/2"}],"replies":[{"embeddable":true,"href":"https:\/\/portalmovil.com.ar\/index.php\/wp-json\/wp\/v2\/comments?post=4417"}],"version-history":[{"count":1,"href":"https:\/\/portalmovil.com.ar\/index.php\/wp-json\/wp\/v2\/posts\/4417\/revisions"}],"predecessor-version":[{"id":4419,"href":"https:\/\/portalmovil.com.ar\/index.php\/wp-json\/wp\/v2\/posts\/4417\/revisions\/4419"}],"wp:featuredmedia":[{"embeddable":true,"href":"https:\/\/portalmovil.com.ar\/index.php\/wp-json\/wp\/v2\/media\/4418"}],"wp:attachment":[{"href":"https:\/\/portalmovil.com.ar\/index.php\/wp-json\/wp\/v2\/media?parent=4417"}],"wp:term":[{"taxonomy":"category","embeddable":true,"href":"https:\/\/portalmovil.com.ar\/index.php\/wp-json\/wp\/v2\/categories?post=4417"},{"taxonomy":"post_tag","embeddable":true,"href":"https:\/\/portalmovil.com.ar\/index.php\/wp-json\/wp\/v2\/tags?post=4417"}],"curies":[{"name":"wp","href":"https:\/\/api.w.org\/{rel}","templated":true}]}}