{"id":44021,"date":"2021-11-08T08:39:04","date_gmt":"2021-11-08T11:39:04","guid":{"rendered":"https:\/\/portalmovil.com.ar\/?p=44021"},"modified":"2021-11-08T08:39:07","modified_gmt":"2021-11-08T11:39:07","slug":"capitanich-necesitamos-un-fuerte-respaldo-popular-para-garantizar-la-recuperacion-de-la-economia","status":"publish","type":"post","link":"https:\/\/portalmovil.com.ar\/index.php\/2021\/11\/08\/capitanich-necesitamos-un-fuerte-respaldo-popular-para-garantizar-la-recuperacion-de-la-economia\/","title":{"rendered":"Capitanich: \u201cNecesitamos un fuerte respaldo popular para garantizar la recuperaci\u00f3n de la econom\u00eda\u201d"},"content":{"rendered":"\n<p>El presidente del Partido Justicialista Chaco, Jorge Capitanich, estuvo en un nuevo acto de cierre de campa\u00f1a en General San Mart\u00edn. Junto al intendente local, el l\u00edder de la colaci\u00f3n gobernante pidi\u00f3 a las chaque\u00f1as y chaque\u00f1os: \u201cVotemos con memoria para tener claridad sobre qu\u00e9 errores no se pueden repetir. El pr\u00f3ximo 14 tenemos dos opciones: un proyecto nacional, popular y democr\u00e1tico o un proyecto que quiere volver al pasado\u201d.<\/p>\n\n\n\n<p>\u201cNecesitamos un fuerte respaldo popular, tener todas las herramientas para garantizar la m\u00e1s r\u00e1pida recuperaci\u00f3n de la econom\u00eda\u201d, asegur\u00f3 el mandatario, y destac\u00f3: \u201cEstamos recuperando la perspectiva de crecimiento. Eso significa que hay un estado que promueve la recuperaci\u00f3n econ\u00f3mica luego de una pandemia que nos ha costado mucho\u201d. <\/p>\n\n\n\n<p>Capitanich valor\u00f3 especialmente la recuperaci\u00f3n del empleo y del salario para la reactivaci\u00f3n econ\u00f3mica: \u201cNo se puede recuperar la econom\u00eda sin recuperar el empleo y el salario. Cuando un trabajador cobra un buen salario puede consumir bienes y servicios en su comunidad. Si consume, el comerciante tiene m\u00e1s rentabilidad, el industrial produce m\u00e1s, y todo se convierte en un c\u00edrculo virtuoso, se hacen m\u00e1s obras p\u00fablicas. Cuando se recupera la econom\u00eda todos nos recuperamos\u201d.<\/p>\n\n\n\n<p>Dirigi\u00e9ndose a la militancia, el gobernador expres\u00f3 que \u201cla victoria depende de trabajar unidos, de ir casa por casa, transmitir el afecto de coraz\u00f3n a coraz\u00f3n y refrescar la memoria de las chaque\u00f1as y chaque\u00f1os\u201d.\u00a0 Y agreg\u00f3: \u201cLe pedimos al pueblo del Chaco su voto de confianza porque se lo hemos devuelto trabajando con honestidad los 365 d\u00edas del a\u00f1o, las 24 horas los 7 d\u00edas de la semana. Nosotros no defraudamos ni vamos a defraudar la voluntad popular\u201d. <\/p>\n\n\n\n<p>\u201cLos d\u00edas m\u00e1s felices siempre fueron peronistas. Los d\u00edas m\u00e1s felices ser\u00e1n del Frente de Todos. El 14 de noviembre construiremos la victoria sobre la base de la humildad y el compromiso\u201d, areng\u00f3 el mandatario.<\/p>\n\n\n\n<p>El l\u00edder pol\u00edtico del Frente de Todos Chaco record\u00f3 que el pr\u00f3ximo domingo 14 de noviembre la elecci\u00f3n ser\u00e1 entre dos modelos de pa\u00eds y de provincia: \u201cuno que destruye a las Pymes, que gener\u00f3 apertura de importaciones, exclusi\u00f3n social, un endeudamiento feroz, restringe derechos, y excluye a las mayor\u00edas\u201d, y \u201cun proyecto nacional, popular y democr\u00e1tico que recupera el empleo y la perspectiva de crecimiento\u201d. Y remarc\u00f3: \u201cSomos nosotros quienes vamos a responder y trabajar para resolver los problemas de la comunidad\u201d.<\/p>\n\n\n\n<p>En un duro mensaje contra la oposici\u00f3n, Capitanich record\u00f3 que \u201clos que hoy son candidatos fueron responsables de anular 25.000 pensiones no contributivas para personas con discapacidad, hicieron quebrar a 25.000 pymes, promovieron la destrucci\u00f3n de 300.000 empleos. Generaron 100.000 millones de d\u00f3lares de endeudamiento y contrajeron una deuda impagable con el FMI. Lograron la destrucci\u00f3n del 20% del salario real\u201d, y, asever\u00f3: \u201cSiguen siendo lobos con piel de cordero. No se pueden disfrazar ante la realidad de un pueblo que los conoce\u201d.<\/p>\n\n\n\n<p>El gobernador plante\u00f3 su postura mediante una serie de preguntas: \u201c\u00bfPor qu\u00e9 se callaron cuando aumentaron un 3.000% la tarifa de luz que era impagable para el pueblo chaque\u00f1o? \u00bfPor qu\u00e9 no levantaron las banderas del Chaco? \u00bfPor qu\u00e9 no protestaron cuando le dieron a Larreta 2% m\u00e1s de coparticipaci\u00f3n? \u00bfPor qu\u00e9 no defendieron a Chaco cuando era excluida de las obras de la Naci\u00f3n?\u201d. Y las contrast\u00f3 con las pol\u00edticas implementadas por el gobierno nacional de Alberto Fern\u00e1ndez y Cristina Fern\u00e1ndez de Kirchner: \u201cHoy Argentina est\u00e1 en un proceso de recuperaci\u00f3n despu\u00e9s de la pandemia. Recuperamos 300.000 empleos, 54.000 solo en agosto. Estamos recuperando el uso de la capacidad instalada de las industrias en m\u00e1s de 12% llegando casi al 55%. Estamos recuperando cerca de 2 millones de personas que compraron el pre-viaje para volver a potenciar el turismo. Estamos recuperando el salario y la esperanza\u201d.<\/p>\n\n\n\n<p>Estuvieron presentes los candidatos a diputados y diputadas nacionales.<\/p>\n","protected":false},"excerpt":{"rendered":"<p>El presidente del Partido Justicialista Chaco, Jorge Capitanich, estuvo en un nuevo acto de cierre de campa\u00f1a en General San Mart\u00edn. Junto al intendente local, el l\u00edder de la colaci\u00f3n gobernante pidi\u00f3 a las chaque\u00f1as y chaque\u00f1os: \u201cVotemos con memoria para tener claridad sobre qu\u00e9 errores no se pueden repetir. El pr\u00f3ximo 14 tenemos dos &hellip;<\/p>\n","protected":false},"author":2,"featured_media":44022,"comment_status":"open","ping_status":"open","sticky":false,"template":"","format":"standard","meta":{"_jetpack_memberships_contains_paid_content":false,"footnotes":"","jetpack_publicize_message":"","jetpack_publicize_feature_enabled":true,"jetpack_social_post_already_shared":true,"jetpack_social_options":{"image_generator_settings":{"template":"highway","default_image_id":0,"font":"","enabled":false},"version":2}},"categories":[5,14,12],"tags":[],"class_list":["post-44021","post","type-post","status-publish","format-standard","has-post-thumbnail","hentry","category-chaco","category-politica","category-ultimo"],"jetpack_publicize_connections":[],"jetpack_featured_media_url":"https:\/\/portalmovil.com.ar\/wp-content\/uploads\/2021\/11\/618872a0decb5603135573.jpg","jetpack_sharing_enabled":true,"amp_enabled":true,"_links":{"self":[{"href":"https:\/\/portalmovil.com.ar\/index.php\/wp-json\/wp\/v2\/posts\/44021","targetHints":{"allow":["GET"]}}],"collection":[{"href":"https:\/\/portalmovil.com.ar\/index.php\/wp-json\/wp\/v2\/posts"}],"about":[{"href":"https:\/\/portalmovil.com.ar\/index.php\/wp-json\/wp\/v2\/types\/post"}],"author":[{"embeddable":true,"href":"https:\/\/portalmovil.com.ar\/index.php\/wp-json\/wp\/v2\/users\/2"}],"replies":[{"embeddable":true,"href":"https:\/\/portalmovil.com.ar\/index.php\/wp-json\/wp\/v2\/comments?post=44021"}],"version-history":[{"count":1,"href":"https:\/\/portalmovil.com.ar\/index.php\/wp-json\/wp\/v2\/posts\/44021\/revisions"}],"predecessor-version":[{"id":44023,"href":"https:\/\/portalmovil.com.ar\/index.php\/wp-json\/wp\/v2\/posts\/44021\/revisions\/44023"}],"wp:featuredmedia":[{"embeddable":true,"href":"https:\/\/portalmovil.com.ar\/index.php\/wp-json\/wp\/v2\/media\/44022"}],"wp:attachment":[{"href":"https:\/\/portalmovil.com.ar\/index.php\/wp-json\/wp\/v2\/media?parent=44021"}],"wp:term":[{"taxonomy":"category","embeddable":true,"href":"https:\/\/portalmovil.com.ar\/index.php\/wp-json\/wp\/v2\/categories?post=44021"},{"taxonomy":"post_tag","embeddable":true,"href":"https:\/\/portalmovil.com.ar\/index.php\/wp-json\/wp\/v2\/tags?post=44021"}],"curies":[{"name":"wp","href":"https:\/\/api.w.org\/{rel}","templated":true}]}}