{"id":44009,"date":"2021-11-05T08:18:00","date_gmt":"2021-11-05T11:18:00","guid":{"rendered":"https:\/\/portalmovil.com.ar\/?p=44009"},"modified":"2021-11-08T08:19:55","modified_gmt":"2021-11-08T11:19:55","slug":"primer-ano-del-taller-de-costuras-barranqueras","status":"publish","type":"post","link":"https:\/\/portalmovil.com.ar\/index.php\/2021\/11\/05\/primer-ano-del-taller-de-costuras-barranqueras\/","title":{"rendered":"Primer a\u00f1o del taller de costuras Barranqueras"},"content":{"rendered":"\n<p>Un emprendimiento que naci\u00f3 en un contexto mundial de pandemia cumple su primer a\u00f1o. En esta fecha significativa para el equipo del taller, la intendente Magda Ayala con el coordinador de Desarrollo Local Sustentable del Municipio Mat\u00edas Sol\u00e1, visitaron a las 20 mujeres que tienen el enorme compromiso de llevar adelante la producci\u00f3n en el Taller de Costuras Barranqueras.<\/p>\n\n\n\n<p>Un espacio que se fortalece con el acompa\u00f1amiento constante de la Municipalidad y la colaboraci\u00f3n del Gobierno de la provincia, el Ministerio de Producci\u00f3n, Industria y Empleo y el Ministerio de Desarrollo Social. A trav\u00e9s de la entrega de herramientas, m\u00e1quinas e insumos necesarios para la elaboraci\u00f3n de barbijos, camisolines, pantalones de jeans y pedidos particulares.<\/p>\n\n\n\n<p>\u201cEstas trabajadoras son un ejemplo para nosotros, est\u00e1n produciendo no solo para la provincia sino que tambi\u00e9n producen para una empresa que comercializa en el pa\u00eds y en el exterior\u201d, manifest\u00f3 Ayala a lo que agreg\u00f3 \u201ces una enorme alegr\u00eda observar el progreso, y son estas acciones las que seguiremos apoyando por eso decidimos pasar a abrazar a estas mujeres y felicitarlas. Como ellas, muchos vecinos nos llenan de orgullo y son quienes nos dan esperanza de que la transformaci\u00f3n de Barranqueras no se detiene\u201d.<\/p>\n","protected":false},"excerpt":{"rendered":"<p>Un emprendimiento que naci\u00f3 en un contexto mundial de pandemia cumple su primer a\u00f1o. En esta fecha significativa para el equipo del taller, la intendente Magda Ayala con el coordinador de Desarrollo Local Sustentable del Municipio Mat\u00edas Sol\u00e1, visitaron a las 20 mujeres que tienen el enorme compromiso de llevar adelante la producci\u00f3n en el &hellip;<\/p>\n","protected":false},"author":2,"featured_media":44010,"comment_status":"open","ping_status":"open","sticky":false,"template":"","format":"standard","meta":{"_jetpack_memberships_contains_paid_content":false,"footnotes":"","jetpack_publicize_message":"","jetpack_publicize_feature_enabled":true,"jetpack_social_post_already_shared":true,"jetpack_social_options":{"image_generator_settings":{"template":"highway","default_image_id":0,"font":"","enabled":false},"version":2}},"categories":[28],"tags":[],"class_list":["post-44009","post","type-post","status-publish","format-standard","has-post-thumbnail","hentry","category-actualidad"],"jetpack_publicize_connections":[],"jetpack_featured_media_url":"https:\/\/portalmovil.com.ar\/wp-content\/uploads\/2021\/11\/DSC_0788-scaled-1.webp","jetpack_sharing_enabled":true,"amp_enabled":true,"_links":{"self":[{"href":"https:\/\/portalmovil.com.ar\/index.php\/wp-json\/wp\/v2\/posts\/44009","targetHints":{"allow":["GET"]}}],"collection":[{"href":"https:\/\/portalmovil.com.ar\/index.php\/wp-json\/wp\/v2\/posts"}],"about":[{"href":"https:\/\/portalmovil.com.ar\/index.php\/wp-json\/wp\/v2\/types\/post"}],"author":[{"embeddable":true,"href":"https:\/\/portalmovil.com.ar\/index.php\/wp-json\/wp\/v2\/users\/2"}],"replies":[{"embeddable":true,"href":"https:\/\/portalmovil.com.ar\/index.php\/wp-json\/wp\/v2\/comments?post=44009"}],"version-history":[{"count":1,"href":"https:\/\/portalmovil.com.ar\/index.php\/wp-json\/wp\/v2\/posts\/44009\/revisions"}],"predecessor-version":[{"id":44011,"href":"https:\/\/portalmovil.com.ar\/index.php\/wp-json\/wp\/v2\/posts\/44009\/revisions\/44011"}],"wp:featuredmedia":[{"embeddable":true,"href":"https:\/\/portalmovil.com.ar\/index.php\/wp-json\/wp\/v2\/media\/44010"}],"wp:attachment":[{"href":"https:\/\/portalmovil.com.ar\/index.php\/wp-json\/wp\/v2\/media?parent=44009"}],"wp:term":[{"taxonomy":"category","embeddable":true,"href":"https:\/\/portalmovil.com.ar\/index.php\/wp-json\/wp\/v2\/categories?post=44009"},{"taxonomy":"post_tag","embeddable":true,"href":"https:\/\/portalmovil.com.ar\/index.php\/wp-json\/wp\/v2\/tags?post=44009"}],"curies":[{"name":"wp","href":"https:\/\/api.w.org\/{rel}","templated":true}]}}