{"id":43965,"date":"2021-11-05T20:18:58","date_gmt":"2021-11-05T23:18:58","guid":{"rendered":"https:\/\/portalmovil.com.ar\/?p=43965"},"modified":"2021-11-05T20:19:01","modified_gmt":"2021-11-05T23:19:01","slug":"la-provincia-abona-la-recomposicion-salarial-para-mas-de-4-300-agentes-sanitarios","status":"publish","type":"post","link":"https:\/\/portalmovil.com.ar\/index.php\/2021\/11\/05\/la-provincia-abona-la-recomposicion-salarial-para-mas-de-4-300-agentes-sanitarios\/","title":{"rendered":"La Provincia abona la recomposici\u00f3n salarial para m\u00e1s de 4.300 agentes sanitarios"},"content":{"rendered":"\n<p>El Ministerio de Salud de la provincia efectiviz\u00f3 este jueves 4, la recomposici\u00f3n salarial para 4.365 trabajadoras y trabajadores de distintas \u00e1reas de la esfera p\u00fablica con una inversi\u00f3n total de 121.730.117 pesos, promoviendo de esta manera una de las pol\u00edticas centrales de la gesti\u00f3n que apuesta por la reivindicaci\u00f3n de los derechos laborales de todo el personal en actividad a trav\u00e9s de los ingresos.<\/p>\n\n\n\n<p>La medida, rubricada por la ministra Carolina Centeno, contempla el pago con retroactividad para 722 personas incluidas en los decretos N\u00b0 5010\/19 y 5055\/19 por un monto total de 38.447.944 pesos, que adem\u00e1s suman el reintegro de la suma percibida en concepto de beca \u201cExperto\u201d, equivalente a 28.519.00 pesos.<\/p>\n\n\n\n<p>El beneficio tambi\u00e9n adhiere a 2.074 agentes sanitarios contemplados en el Decreto N\u00b0 4060\/19, recomposici\u00f3n que asciende a 52.695.053 pesos, y suma, a su vez, a 1.569 trabajadores que pertenecen al Decreto N\u00b0 4465\/19 y percib\u00edan la bonificaci\u00f3n por \u201cAuxiliar de Enfermer\u00eda\u201d (concepto 274), lo que equivale a un pago total de 2.068.120 pesos.<\/p>\n\n\n\n<p>Al respecto de la medida, la ministra de Salud explic\u00f3 en di\u00e1logo con los medios, que esto parte desde la impronta pol\u00edtica de avanzar en el ordenamiento y la jerarquizaci\u00f3n del recurso humano sanitario a pedido del gobernador Jorge Capitanich, con lo cual se ha hecho efectivo el pago a partir del pasado viernes 29 de octubre, d\u00eda de cobro de los trabajadores activos de la administraci\u00f3n p\u00fablica provincial.<\/p>\n\n\n\n<p>\u201cSe han pagado diferencias en cobro de bonificaciones, los que han tenido la \u2018bonificaci\u00f3n especial\u2019 para establecimientos sanitarios en los decretos de pase a planta de 2019, han podido empezar a percibir en el pago con retroactividad, alcanzando a los derechos de los trabajadores y trabajadoras que durante 2019 han pasado a planta, en un esfuerzo econ\u00f3mico que ha procedido a reordenar las bonificaciones\u201d, explic\u00f3.<\/p>\n\n\n\n<p>Sobre la determinaci\u00f3n, la funcionaria explic\u00f3 que \u201cun trabajador que est\u00e1 adecuadamente remunerado, con las bonificaciones que amerita, es un trabajador que adem\u00e1s de estar comprometido y con vocaci\u00f3n trabajando en el servicio, recibe la remuneraci\u00f3n que merece\u201d, y remarc\u00f3 que \u201cno hay forma de poner al sistema de salud en pie si el recurso humano no tiene la calidad salarial que merece. Est\u00e1 puesta toda nuestra fuerza en el ordenamiento de estas cuestiones\u201d.<\/p>\n\n\n\n<p>En sumatoria a esta recomposici\u00f3n, la ministra se\u00f1al\u00f3 que se est\u00e1 avanzando con la desprecarizaci\u00f3n de las trabajadoras y los trabajadores del \u00e1mbito sanitario, lo que consider\u00f3 \u201cuna de las pol\u00edticas m\u00e1s importantes\u201d que se lleva adelante mediante la generaci\u00f3n de contratos de servicio. \u201cHa sido una directriz fundamental del gobernador, porque en 2007 inici\u00f3 su gesti\u00f3n, m\u00e1s de 60% del personal de salud estaba precarizado, y se avanz\u00f3 en leyes como la ex 6655, los pases a planta y concursos de antecedentes y oposici\u00f3n, por lo cual hoy se le otorga una mirada particular\u201d, concluy\u00f3.<\/p>\n\n\n\n<p>PH: JORGE TELLO<\/p>\n","protected":false},"excerpt":{"rendered":"<p>El Ministerio de Salud de la provincia efectiviz\u00f3 este jueves 4, la recomposici\u00f3n salarial para 4.365 trabajadoras y trabajadores de distintas \u00e1reas de la esfera p\u00fablica con una inversi\u00f3n total de 121.730.117 pesos, promoviendo de esta manera una de las pol\u00edticas centrales de la gesti\u00f3n que apuesta por la reivindicaci\u00f3n de los derechos laborales de &hellip;<\/p>\n","protected":false},"author":2,"featured_media":8727,"comment_status":"open","ping_status":"open","sticky":false,"template":"","format":"standard","meta":{"_jetpack_memberships_contains_paid_content":false,"footnotes":"","jetpack_publicize_message":"","jetpack_publicize_feature_enabled":true,"jetpack_social_post_already_shared":true,"jetpack_social_options":{"image_generator_settings":{"template":"highway","default_image_id":0,"font":"","enabled":false},"version":2}},"categories":[5,46],"tags":[],"class_list":["post-43965","post","type-post","status-publish","format-standard","has-post-thumbnail","hentry","category-chaco","category-salud"],"jetpack_publicize_connections":[],"jetpack_featured_media_url":"https:\/\/portalmovil.com.ar\/wp-content\/uploads\/2020\/07\/82886170_2511612142484142_3361857295569911808_o.jpg","jetpack_sharing_enabled":true,"amp_enabled":true,"_links":{"self":[{"href":"https:\/\/portalmovil.com.ar\/index.php\/wp-json\/wp\/v2\/posts\/43965","targetHints":{"allow":["GET"]}}],"collection":[{"href":"https:\/\/portalmovil.com.ar\/index.php\/wp-json\/wp\/v2\/posts"}],"about":[{"href":"https:\/\/portalmovil.com.ar\/index.php\/wp-json\/wp\/v2\/types\/post"}],"author":[{"embeddable":true,"href":"https:\/\/portalmovil.com.ar\/index.php\/wp-json\/wp\/v2\/users\/2"}],"replies":[{"embeddable":true,"href":"https:\/\/portalmovil.com.ar\/index.php\/wp-json\/wp\/v2\/comments?post=43965"}],"version-history":[{"count":1,"href":"https:\/\/portalmovil.com.ar\/index.php\/wp-json\/wp\/v2\/posts\/43965\/revisions"}],"predecessor-version":[{"id":43966,"href":"https:\/\/portalmovil.com.ar\/index.php\/wp-json\/wp\/v2\/posts\/43965\/revisions\/43966"}],"wp:featuredmedia":[{"embeddable":true,"href":"https:\/\/portalmovil.com.ar\/index.php\/wp-json\/wp\/v2\/media\/8727"}],"wp:attachment":[{"href":"https:\/\/portalmovil.com.ar\/index.php\/wp-json\/wp\/v2\/media?parent=43965"}],"wp:term":[{"taxonomy":"category","embeddable":true,"href":"https:\/\/portalmovil.com.ar\/index.php\/wp-json\/wp\/v2\/categories?post=43965"},{"taxonomy":"post_tag","embeddable":true,"href":"https:\/\/portalmovil.com.ar\/index.php\/wp-json\/wp\/v2\/tags?post=43965"}],"curies":[{"name":"wp","href":"https:\/\/api.w.org\/{rel}","templated":true}]}}