{"id":43834,"date":"2021-11-04T16:04:08","date_gmt":"2021-11-04T19:04:08","guid":{"rendered":"https:\/\/portalmovil.com.ar\/?p=43834"},"modified":"2021-11-04T16:04:10","modified_gmt":"2021-11-04T19:04:10","slug":"morante-esperemos-que-el-juez-habilite-la-eleccion-lo-antes-posible","status":"publish","type":"post","link":"https:\/\/portalmovil.com.ar\/index.php\/2021\/11\/04\/morante-esperemos-que-el-juez-habilite-la-eleccion-lo-antes-posible\/","title":{"rendered":"Morante: \u201cEsperemos que el juez habilite la elecci\u00f3n lo antes posible\u201d"},"content":{"rendered":"\n<p>El presidente del Insssep, Antonio Morante brind\u00f3 este jueves detalles sobre la suspensi\u00f3n por parte de la Justicia de la elecci\u00f3n de vocales y s\u00edndicos del organismo.<\/p>\n\n\n\n<p>Tambi\u00e9n opin\u00f3 sobre la medida proyectada por el gobierno nacional para congelamiento de los precios de medicamentos .<\/p>\n\n\n\n<p>En declaraciones a Radio Provincia, Antonio Morante se\u00f1al\u00f3 en relaci\u00f3n a la suspensi\u00f3n por parte de la Justicia de las elecciones de vocales y s\u00edndicos del organismo.<\/p>\n\n\n\n<p>\u201cAyer nos notificaron de una resoluci\u00f3n dictada por el juez que otorgaba una medida cautelar a&nbsp;una presentaci\u00f3n hizo una de las listas &nbsp;(SITECH \u2013 CTA AUT\u00d3NOMA)&nbsp;que pretend\u00eda participar del acto eleccionario . En esta presentaci\u00f3n , se manifestaba que la no&nbsp;se hab\u00eda oficializado su lista\u201d, dijo Morante.<\/p>\n\n\n\n<p>En este sentido, explic\u00f3 que la Junta Electoral en aquel momento dict\u00f3 una resoluci\u00f3n estableciendo que era extempor\u00e1nea la presentaci\u00f3n de la lista, por esta raz\u00f3n ellos recurrieron la resoluci\u00f3n de la Junta Electoral.<\/p>\n\n\n\n<p>El directorio del organismo, en una reuni\u00f3n ordinaria realizada ayer, trat\u00f3 el expediente y se ratific\u00f3 la resoluci\u00f3n de la Junta Electoral por considerarla correcta.<\/p>\n\n\n\n<p>\u00abDesde el Directorio se inform\u00f3 al juez de la resoluci\u00f3n adoptada y se le pidi\u00f3 que revea la medida que se tom\u00f3, porque entendemos que cost\u00f3 mucho tiempo llevar adelante todo el proceso organizativo de las elecciones &nbsp;(conformaci\u00f3n de la Junta Electoral, organizaci\u00f3n y realizaci\u00f3n del acto eleccionario).<\/p>\n\n\n\n<p>Para ello el Insssep tuvo una importante erogaci\u00f3n de dinero para garantizar la notificaci\u00f3n de las autoridades, la impresi\u00f3n de boletas y su traslado y los gastos conexos\u201d, dijo.<\/p>\n\n\n\n<p>\u201cEl juez corri\u00f3 vista a nuestra presentaci\u00f3n e informar\u00e1 a la parte que impuls\u00f3 la medida cautelar\u201d. Morante estim\u00f3 que en los pr\u00f3ximos d\u00edas el juez va a tomar una nueva resoluci\u00f3n .<\/p>\n\n\n\n<p>\u201cNosotros sostenemos que es necesario que el acto eleccionario se realice lo antes posible porque los mandatos de los vocales y s\u00edndicos ya esta prorrogados ( vencen en los pr\u00f3ximos d\u00edas) y pone al Directorio en una condici\u00f3n de virtual acefal\u00eda.<\/p>\n\n\n\n<p>Tambi\u00e9n si esta suspensi\u00f3n se prolonga por muchos d\u00edas, va implicar la duplicaci\u00f3n del gasto realizado por el organismo\u201d, dijo Morante al asegurar que se espera que esta situaci\u00f3n se resuelva lo antes posible.<\/p>\n\n\n\n<h3 class=\"wp-block-heading\">Congelamiento de precios de medicamentos<\/h3>\n\n\n\n<p>El presidente del Insssep se mostr\u00f3 de acuerdo con el proyecto de intervenci\u00f3n que el Gobierno nacional planea para contener el precio de los medicamentos.<\/p>\n\n\n\n<p>\u201cEstamos totalmente a favor de iniciar una ronda de di\u00e1logos con los laboratorios\u201d, dijo Morante.<\/p>\n\n\n\n<p>En este sentido, agreg\u00f3 que a partir de la reuni\u00f3n mantenida en Buenos Aires en el Consejo de Obras Sociales Provinciales hace 30 d\u00edas junto con autoridades del Ministerio de Salud de la Naci\u00f3n se realiz\u00f3 un informe pormenorizado sobre las erogaciones de las obras sociales en materia de compra de medicamentos .<\/p>\n\n\n\n<p>\u201cA partir de esta reuni\u00f3n se marc\u00f3 la necesidad de comenzar a trabajar con los laboratorios para intentar congelar los precios de los medicamentos\u201d, se\u00f1al\u00f3.<\/p>\n\n\n\n<p>En este punto, remarc\u00f3 que los medicamentos en los \u00faltimos dos a\u00f1os&nbsp; tuvieron un incremento aproximado de entre el 3,5 y 5 % mensual generando un gran impacto en las obras sociales y las instituciones sanitarias.<\/p>\n\n\n\n<p>Morante agreg\u00f3 que cuando esta gesti\u00f3n asumi\u00f3 la direcci\u00f3n del Insssep en el 2019 hab\u00eda un gasto&nbsp; de 180 millones de pesos mensuales para la provisi\u00f3n de medicamentos. En la actualidad este gasto mensual escal\u00f3 a casi 400 millones de pesos.<\/p>\n\n\n\n<p>\u201cPor ello es m\u00e1s que oportuno y necesario, trabajar en conjunto con los laboratorios para reducir los costos de medicamentos. Porque estos costos en definitiva terminan generando una discontinuidad de los tratamientos, sobre todos los especiales y oncol\u00f3gicos\u201d, resalt\u00f3.<\/p>\n\n\n\n<h3 class=\"wp-block-heading\"><strong>Convenio con odont\u00f3logos \u00a0y pago a prestadores<\/strong><\/h3>\n\n\n\n<p>Morante tambi\u00e9n se refiri\u00f3 a la situaci\u00f3n de la obra social con respecto a las prestaciones odontol\u00f3gicas.<\/p>\n\n\n\n<p>\u201cTenemos un nuevo convenio con el Colegio de Odont\u00f3logos, discutimos nuevos aranceles. De un total de 1200 afiliados al Colegio de Odont\u00f3logos, 600 aceptaron trabajar con el Insssep \u201c, dijo .<\/p>\n\n\n\n<p>En este sentido \u2013 agreg\u00f3 \u2013 se proyecta reevaluar en las pr\u00f3ximas semanas hasta donde se pueden mejorar los aranceles.<\/p>\n\n\n\n<p>En este sentido, agreg\u00f3: \u201cVamos a trabajar con quienes quieran trabajar con el Insssep\u201d. Y record\u00f3 que la obra social provincial nuclea a 280.000 afiliados.<\/p>\n\n\n\n<p>\u201cCon mucho esfuerzo y una administraci\u00f3n ordenada, el Insssep paga desde hace 14 meses el 100 % de la facturaci\u00f3n de todo el foro de prestadores, que se encuentran asociados en las 11 entidades .<\/p>\n\n\n\n<p>Todos los d\u00edas 10 de cada mes cobran el 100 % de la facturaci\u00f3n a los 60 d\u00edas de presentada la documentaci\u00f3n. Esto es un enorme logro de la obra social\u201d, remarc\u00f3.<\/p>\n","protected":false},"excerpt":{"rendered":"<p>El presidente del Insssep, Antonio Morante brind\u00f3 este jueves detalles sobre la suspensi\u00f3n por parte de la Justicia de la elecci\u00f3n de vocales y s\u00edndicos del organismo. Tambi\u00e9n opin\u00f3 sobre la medida proyectada por el gobierno nacional para congelamiento de los precios de medicamentos . En declaraciones a Radio Provincia, Antonio Morante se\u00f1al\u00f3 en relaci\u00f3n &hellip;<\/p>\n","protected":false},"author":2,"featured_media":43835,"comment_status":"open","ping_status":"open","sticky":false,"template":"","format":"standard","meta":{"_jetpack_memberships_contains_paid_content":false,"footnotes":"","jetpack_publicize_message":"","jetpack_publicize_feature_enabled":true,"jetpack_social_post_already_shared":true,"jetpack_social_options":{"image_generator_settings":{"template":"highway","default_image_id":0,"font":"","enabled":false},"version":2}},"categories":[5,14],"tags":[],"class_list":["post-43834","post","type-post","status-publish","format-standard","has-post-thumbnail","hentry","category-chaco","category-politica"],"jetpack_publicize_connections":[],"jetpack_featured_media_url":"https:\/\/portalmovil.com.ar\/wp-content\/uploads\/2021\/11\/InSSSeP-AntonioMorante.jpg","jetpack_sharing_enabled":true,"amp_enabled":true,"_links":{"self":[{"href":"https:\/\/portalmovil.com.ar\/index.php\/wp-json\/wp\/v2\/posts\/43834","targetHints":{"allow":["GET"]}}],"collection":[{"href":"https:\/\/portalmovil.com.ar\/index.php\/wp-json\/wp\/v2\/posts"}],"about":[{"href":"https:\/\/portalmovil.com.ar\/index.php\/wp-json\/wp\/v2\/types\/post"}],"author":[{"embeddable":true,"href":"https:\/\/portalmovil.com.ar\/index.php\/wp-json\/wp\/v2\/users\/2"}],"replies":[{"embeddable":true,"href":"https:\/\/portalmovil.com.ar\/index.php\/wp-json\/wp\/v2\/comments?post=43834"}],"version-history":[{"count":1,"href":"https:\/\/portalmovil.com.ar\/index.php\/wp-json\/wp\/v2\/posts\/43834\/revisions"}],"predecessor-version":[{"id":43836,"href":"https:\/\/portalmovil.com.ar\/index.php\/wp-json\/wp\/v2\/posts\/43834\/revisions\/43836"}],"wp:featuredmedia":[{"embeddable":true,"href":"https:\/\/portalmovil.com.ar\/index.php\/wp-json\/wp\/v2\/media\/43835"}],"wp:attachment":[{"href":"https:\/\/portalmovil.com.ar\/index.php\/wp-json\/wp\/v2\/media?parent=43834"}],"wp:term":[{"taxonomy":"category","embeddable":true,"href":"https:\/\/portalmovil.com.ar\/index.php\/wp-json\/wp\/v2\/categories?post=43834"},{"taxonomy":"post_tag","embeddable":true,"href":"https:\/\/portalmovil.com.ar\/index.php\/wp-json\/wp\/v2\/tags?post=43834"}],"curies":[{"name":"wp","href":"https:\/\/api.w.org\/{rel}","templated":true}]}}