{"id":43697,"date":"2021-11-03T07:37:21","date_gmt":"2021-11-03T10:37:21","guid":{"rendered":"https:\/\/portalmovil.com.ar\/?p=43697"},"modified":"2021-11-03T07:37:23","modified_gmt":"2021-11-03T10:37:23","slug":"el-gobierno-asegura-que-la-economia-crecera-9-este-ano","status":"publish","type":"post","link":"https:\/\/portalmovil.com.ar\/index.php\/2021\/11\/03\/el-gobierno-asegura-que-la-economia-crecera-9-este-ano\/","title":{"rendered":"El Gobierno asegura que la econom\u00eda crecer\u00e1 9% este a\u00f1o"},"content":{"rendered":"\n<p>El ministro de Desarrollo Productivo, Mat\u00edas Kulfas, estim\u00f3 que el Producto Bruto Interno (PBI) crecer\u00e1 este a\u00f1o\u00a0<strong>\u201cpor arriba del 9%\u201d\u00a0<\/strong>lo que \u201cnos har\u00e1 recuperar lo perdido en 2020 con la pandemia\u201d, a la vez que convoc\u00f3 a \u00abpensar \u201cun plan de desarrollo industrial para la pr\u00f3xima d\u00e9cada\u201d.<\/p>\n\n\n\n<p>As\u00ed se manifest\u00f3 en un video&nbsp;<strong>grabado en Glasgow, Escocia<\/strong>, y reproducido en el marco del Segundo Congreso Industrial del Consenso Nacional del Trabajo y la Producci\u00f3n organizado por Industriales Pymes Argentinos (IPA).&nbsp;<\/p>\n\n\n\n<p>\u00abEstamos saliendo de&nbsp;<strong>un momento dif\u00edcil pero muy estimulante<\/strong>&nbsp;para la Argentina. Cerramos un a\u00f1o con&nbsp;<strong>crecimiento liderado por la industria<\/strong>, que est\u00e1 produciendo&nbsp;<strong>6% por encima de 2019<\/strong>&nbsp;e incluso de 2018&#8243;, dijo Kulfas.<\/p>\n\n\n\n<p>A modo de balance de su gesti\u00f3n hasta el momento, el ministro indic\u00f3 que \u00abmediante un nuevo esquema de pol\u00edtica industrial, con 150 medidas concretas pudimos poner a la Argentina de pie y que toda su industria empiece a producir en mayor escala\u00bb.&nbsp;<\/p>\n\n\n\n<p>Entre otras cuestiones, el titular de la cartera productiva puntualiz\u00f3 que \u201chemos recuperado el financiamiento productivo, m\u00e1s de 1.100.000 micro, peque\u00f1as, medianas empresas y monotributistas accedan al cr\u00e9dito a tasas razonables, tasa cero incluso, con mesas sectoriales incluso\u201d.<\/p>\n\n\n\n<p>\u201cTenemos mucho para festejar a pesar de las dificultades y muchos desaf\u00edos por delante. Los hemos invitado a participar de un gran plan de desarrollo industrial no para ver qu\u00e9 hacemos en los pr\u00f3ximos meses sino toda la d\u00e9cada sector por sector, rama por rama de la econom\u00eda, discutiendo con pautas concretas, con metas y objetivos\u201d, precis\u00f3 el ministro.<\/p>\n\n\n\n<p>Y cerr\u00f3&nbsp;<strong>exhortando a los empresarios pymes<\/strong>&nbsp;\u201c<strong>a desarrollar un gran plan de crecimiento industrial<\/strong>. Todos los sectores juntos para que cada espacio ofrezca lo mejor que tiene la pol\u00edtica industrial no es una foto sino una pel\u00edcula que debe ser construida d\u00eda a d\u00eda\u201d.<\/p>\n","protected":false},"excerpt":{"rendered":"<p>El ministro de Desarrollo Productivo, Mat\u00edas Kulfas, estim\u00f3 que el Producto Bruto Interno (PBI) crecer\u00e1 este a\u00f1o\u00a0\u201cpor arriba del 9%\u201d\u00a0lo que \u201cnos har\u00e1 recuperar lo perdido en 2020 con la pandemia\u201d, a la vez que convoc\u00f3 a \u00abpensar \u201cun plan de desarrollo industrial para la pr\u00f3xima d\u00e9cada\u201d. As\u00ed se manifest\u00f3 en un video&nbsp;grabado en Glasgow, &hellip;<\/p>\n","protected":false},"author":2,"featured_media":43698,"comment_status":"open","ping_status":"open","sticky":false,"template":"","format":"standard","meta":{"_jetpack_memberships_contains_paid_content":false,"footnotes":"","jetpack_publicize_message":"","jetpack_publicize_feature_enabled":true,"jetpack_social_post_already_shared":true,"jetpack_social_options":{"image_generator_settings":{"template":"highway","default_image_id":0,"font":"","enabled":false},"version":2}},"categories":[175],"tags":[],"class_list":["post-43697","post","type-post","status-publish","format-standard","has-post-thumbnail","hentry","category-economia"],"jetpack_publicize_connections":[],"jetpack_featured_media_url":"https:\/\/portalmovil.com.ar\/wp-content\/uploads\/2021\/11\/kulfas_industria.jpg","jetpack_sharing_enabled":true,"amp_enabled":true,"_links":{"self":[{"href":"https:\/\/portalmovil.com.ar\/index.php\/wp-json\/wp\/v2\/posts\/43697","targetHints":{"allow":["GET"]}}],"collection":[{"href":"https:\/\/portalmovil.com.ar\/index.php\/wp-json\/wp\/v2\/posts"}],"about":[{"href":"https:\/\/portalmovil.com.ar\/index.php\/wp-json\/wp\/v2\/types\/post"}],"author":[{"embeddable":true,"href":"https:\/\/portalmovil.com.ar\/index.php\/wp-json\/wp\/v2\/users\/2"}],"replies":[{"embeddable":true,"href":"https:\/\/portalmovil.com.ar\/index.php\/wp-json\/wp\/v2\/comments?post=43697"}],"version-history":[{"count":1,"href":"https:\/\/portalmovil.com.ar\/index.php\/wp-json\/wp\/v2\/posts\/43697\/revisions"}],"predecessor-version":[{"id":43699,"href":"https:\/\/portalmovil.com.ar\/index.php\/wp-json\/wp\/v2\/posts\/43697\/revisions\/43699"}],"wp:featuredmedia":[{"embeddable":true,"href":"https:\/\/portalmovil.com.ar\/index.php\/wp-json\/wp\/v2\/media\/43698"}],"wp:attachment":[{"href":"https:\/\/portalmovil.com.ar\/index.php\/wp-json\/wp\/v2\/media?parent=43697"}],"wp:term":[{"taxonomy":"category","embeddable":true,"href":"https:\/\/portalmovil.com.ar\/index.php\/wp-json\/wp\/v2\/categories?post=43697"},{"taxonomy":"post_tag","embeddable":true,"href":"https:\/\/portalmovil.com.ar\/index.php\/wp-json\/wp\/v2\/tags?post=43697"}],"curies":[{"name":"wp","href":"https:\/\/api.w.org\/{rel}","templated":true}]}}