{"id":43694,"date":"2021-11-03T07:29:37","date_gmt":"2021-11-03T10:29:37","guid":{"rendered":"https:\/\/portalmovil.com.ar\/?p=43694"},"modified":"2021-11-03T07:29:41","modified_gmt":"2021-11-03T10:29:41","slug":"beneficios-anses-amplian-el-programa-que-reintegra-10-para-las-compras-con-debito","status":"publish","type":"post","link":"https:\/\/portalmovil.com.ar\/index.php\/2021\/11\/03\/beneficios-anses-amplian-el-programa-que-reintegra-10-para-las-compras-con-debito\/","title":{"rendered":"\u00abBeneficios Anses\u00bb: ampl\u00edan el programa que reintegra 10% para las compras con d\u00e9bito"},"content":{"rendered":"\n<p>La directora ejecutiva de la Anses, Fernanda Raverta, y el secretario de Comercio Interior, Roberto Feletti, firmaron un convenio que permitir\u00e1 a jubilados, pensionados y titulares de asignaciones acceder a una red de descuentos a trav\u00e9s de la tarjeta de d\u00e9bito con la que cobran sus prestaciones.<\/p>\n\n\n\n<p>El acuerdo tiene por objetivo \u00abpotenciar Beneficios Anses en todo el pa\u00eds, protegiendo los ingresos y promoviendo las ventas de los comercios de barrio\u00bb, indic\u00f3 el organismo en un comunicado de prensa difundido este martes.<\/p>\n\n\n\n<p>\u201cDesde que asumimos nos propusimos recuperar el tiempo perdido en relaci\u00f3n a la capacidad de compra de las familias argentinas, con aumentos en las asignaciones familiares de los trabajadores registrados, con las jubilaciones y pensiones y tambi\u00e9n con la Asignaci\u00f3n Universal por Hijo y con la Tarjeta Alimentar\u201d, afirm\u00f3 Raverta durante la firma del convenio.<\/p>\n\n\n\n<p>En este sentido, destac\u00f3 que \u00abestabilizar los precios y proteger el bolsillo de las familias argentinas es una tarea central para sostener las pol\u00edticas de mejoras de ingresos que estamos llevando adelante\u201d.<\/p>\n\n\n\n<p>Por su parte, Feletti explic\u00f3 que su intervenci\u00f3n en las \u00faltimas semanas \u201ctuvo que ver con frenar la suba de precios\u201d.<\/p>\n\n\n\n<p>\u201cTenemos que lograr un acuerdo social, que habr\u00e1 que consensuar y discutir, de una canasta amplia y diversificada de productos que sea de acceso a todos y todas las trabajadoras de este pa\u00eds\u201d, agreg\u00f3.<\/p>\n\n\n\n<p>Finalmente, el secretario general de la Anses, Santiago Fraschina, destac\u00f3 que \u201cel objetivo del convenio es generar una mesa de trabajo con la Secretar\u00eda de Comercio para adherir a m\u00e1s peque\u00f1os y medianos comercios a Beneficios Anses\u201d.<\/p>\n\n\n\n<p>\u201cActualmente tenemos un promedio de 450 comercios que se adhieren todos los meses a Beneficios Anses, pero sabemos que tenemos que aumentar esa cantidad y ese es el objetivo fundamental de este convenio\u201d, concluy\u00f3.<\/p>\n","protected":false},"excerpt":{"rendered":"<p>La directora ejecutiva de la Anses, Fernanda Raverta, y el secretario de Comercio Interior, Roberto Feletti, firmaron un convenio que permitir\u00e1 a jubilados, pensionados y titulares de asignaciones acceder a una red de descuentos a trav\u00e9s de la tarjeta de d\u00e9bito con la que cobran sus prestaciones. El acuerdo tiene por objetivo \u00abpotenciar Beneficios Anses &hellip;<\/p>\n","protected":false},"author":2,"featured_media":11188,"comment_status":"open","ping_status":"open","sticky":false,"template":"","format":"standard","meta":{"_jetpack_memberships_contains_paid_content":false,"footnotes":"","jetpack_publicize_message":"","jetpack_publicize_feature_enabled":true,"jetpack_social_post_already_shared":true,"jetpack_social_options":{"image_generator_settings":{"template":"highway","default_image_id":0,"font":"","enabled":false},"version":2}},"categories":[639,175],"tags":[],"class_list":["post-43694","post","type-post","status-publish","format-standard","has-post-thumbnail","hentry","category-argentina","category-economia"],"jetpack_publicize_connections":[],"jetpack_featured_media_url":"https:\/\/portalmovil.com.ar\/wp-content\/uploads\/2020\/08\/92366702_2470555413256482_8825231158380855296_o.jpg","jetpack_sharing_enabled":true,"amp_enabled":true,"_links":{"self":[{"href":"https:\/\/portalmovil.com.ar\/index.php\/wp-json\/wp\/v2\/posts\/43694","targetHints":{"allow":["GET"]}}],"collection":[{"href":"https:\/\/portalmovil.com.ar\/index.php\/wp-json\/wp\/v2\/posts"}],"about":[{"href":"https:\/\/portalmovil.com.ar\/index.php\/wp-json\/wp\/v2\/types\/post"}],"author":[{"embeddable":true,"href":"https:\/\/portalmovil.com.ar\/index.php\/wp-json\/wp\/v2\/users\/2"}],"replies":[{"embeddable":true,"href":"https:\/\/portalmovil.com.ar\/index.php\/wp-json\/wp\/v2\/comments?post=43694"}],"version-history":[{"count":1,"href":"https:\/\/portalmovil.com.ar\/index.php\/wp-json\/wp\/v2\/posts\/43694\/revisions"}],"predecessor-version":[{"id":43696,"href":"https:\/\/portalmovil.com.ar\/index.php\/wp-json\/wp\/v2\/posts\/43694\/revisions\/43696"}],"wp:featuredmedia":[{"embeddable":true,"href":"https:\/\/portalmovil.com.ar\/index.php\/wp-json\/wp\/v2\/media\/11188"}],"wp:attachment":[{"href":"https:\/\/portalmovil.com.ar\/index.php\/wp-json\/wp\/v2\/media?parent=43694"}],"wp:term":[{"taxonomy":"category","embeddable":true,"href":"https:\/\/portalmovil.com.ar\/index.php\/wp-json\/wp\/v2\/categories?post=43694"},{"taxonomy":"post_tag","embeddable":true,"href":"https:\/\/portalmovil.com.ar\/index.php\/wp-json\/wp\/v2\/tags?post=43694"}],"curies":[{"name":"wp","href":"https:\/\/api.w.org\/{rel}","templated":true}]}}