{"id":43620,"date":"2021-11-01T21:16:42","date_gmt":"2021-11-02T00:16:42","guid":{"rendered":"https:\/\/portalmovil.com.ar\/?p=43620"},"modified":"2021-11-01T21:16:53","modified_gmt":"2021-11-02T00:16:53","slug":"capitanich-se-reunio-con-referentes-de-mas-de-200-instituciones-de-las-iglesias-evangelicas","status":"publish","type":"post","link":"https:\/\/portalmovil.com.ar\/index.php\/2021\/11\/01\/capitanich-se-reunio-con-referentes-de-mas-de-200-instituciones-de-las-iglesias-evangelicas\/","title":{"rendered":"Capitan\u00edch se reuni\u00f3 con referentes de m\u00e1s de 200 instituciones de las iglesias evang\u00e9licas"},"content":{"rendered":"\n<p>El gobernador Jorge Capitanich particip\u00f3 este lunes del Encuentro de Iglesias Evang\u00e9licas que reuni\u00f3 a referentes de m\u00e1s de 200 instituciones, en el Centro de Convenciones Gala, en donde entreg\u00f3 150 certificados del Registro Provincial de Culto a 150 representantes, destacando \u201cel rol social que cumplen las iglesias, dada la contenci\u00f3n espiritual que brindan y el compromiso con las necesidades de las personas\u201d. Adem\u00e1s, realiz\u00f3 la entrega de 10 equipos de sonido que representaron una inversi\u00f3n superior a los 1,2 millones de pesos.<\/p>\n\n\n\n<p>Previamente a la entrega de registros que permitir\u00e1n a las instituciones religiosas obtener su personer\u00eda Jur\u00eddica, el Gobernador transmiti\u00f3 \u201cun profundo y sincero agradecimiento por el trabajo mancomunado y solidario durante la pandemia\u201d.<\/p>\n\n\n\n<p>\u201cQueremos agradecer muy especialmente a ustedes y Paola Ben\u00edtez, &#8211; en referencia a la ex ministra de Salud\u2013 por el trabajo de Plan Ayudar que nos permiti\u00f3 trabajar en una red solidaria de voluntarios visitando localidad por localidad. Cuando los tiempos de pandemia eran extremadamente dif\u00edciles y complejos, un grupo de voluntarios de Iglesias Evang\u00e9licas trabajaron codo a codo con Salud en distintos rincones de nuestra provincia con el objeto de realizar hisopados para que mediante evaluaci\u00f3n sistem\u00e1tica pudi\u00e9semos generar el aislamiento o domiciliario o comunitario o establecer los mecanismos de internaci\u00f3n hospitalaria para salvar vidas\u201d, destac\u00f3 Capitanich.<\/p>\n\n\n\n<p>Con la presencia del ministro de Gobierno y Trabajo, Juan Manuel Chaco; el Subsecretario de Gobierno, Ra\u00fal Bittel: el director de Culto, Pedro Garc\u00eda; y el presidente de la C\u00e1mara de Diputados de la Provincia, Hugo Sager; Capitanich ratific\u00f3 la vigencia del Registro Provincial de Culto (RPC), creado por Decreto N\u00b02001\/2017 y reglamentado mediante Decreto N\u00b0 1733\/2020. Record\u00f3 que \u201cla Provincia es pionera en la habilitaci\u00f3n de un Registro de Cultos, que es in\u00e9dito y \u00fanico en el pa\u00eds\u201d, en esa l\u00ednea enfatiz\u00f3 que \u201cel mismo, beneficiar\u00e1 a todas las iglesias evang\u00e9licas, que abarcan aproximadamente un 28% de la poblaci\u00f3n\u201d.<\/p>\n\n\n\n<p>En esa l\u00ednea explic\u00f3 que hoy se entregaron los primeros 150 certificados de RPC, pero se esperan \u201cm\u00e1s de 4000\u201d y destac\u00f3 lo que ser\u00e1 \u201cla jerarquizaci\u00f3n en el \u00e1mbito del Ministerio de Gobierno, para tambi\u00e9n generar la constituci\u00f3n de asociaciones con fines religiosos a los efectos de establecer los mecanismos de funcionamiento para la canalizaci\u00f3n de recursos que permitan potenciar la actividad\u201d.<\/p>\n\n\n\n<p>\u201cEsta pol\u00edtica p\u00fablica permitir\u00e1 tener una estad\u00edstica actualizada respecto de cu\u00e1ntas Iglesias Evang\u00e9licas hay en Chaco y a la vez, facilitar\u00e1 al Estado agilizaci\u00f3n, celeridad y economicidad de tr\u00e1mites\u201d, agreg\u00f3. Asimismo, record\u00f3 que \u201clas iglesias que cuenten con su registro podr\u00e1n tener acceso a convenios que se celebren con el Estado, permitiendo generar un trabajo de cooperaci\u00f3n y colaboraci\u00f3n teniendo como objeto principal el bien com\u00fan y la inclusi\u00f3n social\u201d.<\/p>\n\n\n\n<p>Finalmente, el Gobernador asegur\u00f3: \u201cNosotros tenemos que promover e incentivar un mecanismo que permita garantizar el derecho a la libre elecci\u00f3n por cada una de las personas en t\u00e9rminos de la libertad de culto y eso es lo que nosotros hacemos. Desde el Estado garantizamos esto porque entendemos tambi\u00e9n que es absolutamente imprescindible la construcci\u00f3n de valores\u201d, concluy\u00f3 Capitanich.<\/p>\n\n\n\n<p>El director de Culto, Pedro Garc\u00eda explic\u00f3 que este acto se enmarca en los festejos por el D\u00eda de las Iglesias Evang\u00e9licas, celebrado cada 31 de octubre, y hoy, a 504 a\u00f1os de que, en 1517, el monje Martin Lutero diera a conocer las 95 Tesis que iniciaron La Reforma Protestante. \u201cQuisimos darle un matiz especial y por eso, el gobernador los invit\u00f3 para que se puedan nuclear aqu\u00ed para agasajarlos, que manifiesten su fe y agradecerle por las actividades que realizan a lo largo y ancho de la provincia\u201d manifest\u00f3 Garc\u00eda. \u201cEs importante porque las religiones hacen un aporte importante, fundamental y estrat\u00e9gico para la comunidad y son un gran soporte en la parte espiritual\u201d, agreg\u00f3.<\/p>\n\n\n\n<p>Por su parte, el ministro Juan Manuel Chapo destac\u00f3: \u201cSe trata de una fecha importante, con un condimento muy especial, porque a diferencia del a\u00f1o anterior hoy podemos reunirnos para celebrar junto a m\u00e1s de 350 pastores y pastoras\u201d de toda la provincia. En cuanto a la reactivaci\u00f3n del Registro de Culto Provincial, puesto en marcha desde la reglamentaci\u00f3n del decreto correspondiente, explic\u00f3 que \u201ccomenzar\u00e1 funcionar un sistema a trav\u00e9s de la inspecci\u00f3n de personas jur\u00eddicas, que va a brindar la personalidad a las asociaciones con fines religiosos\u201d.<\/p>\n\n\n\n<p>El presidente de la Asociaci\u00f3n de la Confraternidad de Pastores, Daniel Gauna, expres\u00f3 que \u201ces una actividad de alto nivel, que esperaba el pueblo evang\u00e9lico, y quedar\u00e1 marcada en la historia. Aqu\u00ed el pueblo evang\u00e9lico est\u00e1 convocado de norte a sur y de este a oeste. Es in\u00e9dito y muy importante que el gobernador haya parado sus actividades para brindarnos este tiempo y nos traiga buenas noticias\u201d dijo.<\/p>\n\n\n\n<p>El pastor Jorge Diego, de la Iglesia \u201cApost\u00f3lica Prof\u00e9tica Casa de Dios, Puerta del Cielo, Armon\u00eda de Jehov\u00e1\u201d, destac\u00f3 esta celebraci\u00f3n en el D\u00eda de las Iglesias Evang\u00e9licas y se refiri\u00f3 a la labor del pueblo cristiano evang\u00e9lico durante la pandemia: \u201cTuvimos un rol de contenci\u00f3n con las familias muy importante, orando y clamando a Dios y en este d\u00eda tan importante estamos aqu\u00ed reunidos, y en nuestro caso, representando al pueblo evang\u00e9lico cristiano Qom del Chaco\u201d.<\/p>\n\n\n\n<p>La pastora N\u00e9lida Armand de Bondar, de la Iglesia Filadelfia de Barranqueras, destac\u00f3 este evento, para reconocer la funci\u00f3n de las iglesias evang\u00e9licas. \u201cEstoy muy feliz por este reconocimiento, porque la labor pastoral es muy tremenda, se atiende a la gente todo el tiempo y tambi\u00e9n hacemos contenci\u00f3n familiar\u201d dijo. \u201cContar con la compa\u00f1\u00eda del gobernador me parece excelente, porque as\u00ed nos sentimos m\u00e1s respaldados, con Dios y con nuestras autoridades\u201d cerr\u00f3 la pastora.<\/p>\n\n\n\n<p>Para la Provincia del Chaco resulta fundamental y estrat\u00e9gico ser pionera en la habilitaci\u00f3n de un Registro Provincial de Cultos, el cual es in\u00e9dito y \u00fanico en el pa\u00eds. El mismo beneficiar\u00e1 a todas las iglesias evang\u00e9licas, las cuales abarcan un 28% aproximadamente en todo el territorio chaque\u00f1o.<\/p>\n\n\n\n<p>A trav\u00e9s de la Disposici\u00f3n N\u00b0 091\/21, se estableci\u00f3 cada uno de los requisitos para realizar una asociaci\u00f3n con fines religiosos.&nbsp; Este mecanismo, permitir\u00e1 acceder a la Personer\u00eda Jur\u00eddica en la provincia, obtener la matr\u00edcula y as\u00ed, poder inscribirse en los organismos tributarios, en el registro de proveedores como asociaciones, acceder a los distintos programas y beneficios sociales no s\u00f3lo de la naci\u00f3n, sino que de la provincia y el municipio.<\/p>\n\n\n\n<p>Una vez otorgado el Registro de culto por el Ministerio de Relaciones Exteriores y Culto, las asociaciones con fines religiosos pasar\u00edan al Registro de Asociaciones de Iglesias de cultos no cat\u00f3licos. El objetivo es agilizar la regulaci\u00f3n de todos los cultos evang\u00e9licos en tiempo record. En el periodo 2021\/2022 se registrar\u00e1n m\u00e1s de 4.000 cultos evang\u00e9licos, incluyendo las comunidades abor\u00edgenes de la Provincia.<\/p>\n\n\n\n<p>El acceso es f\u00e1cil y requiere: Solicitud de inscripci\u00f3n para el Registro de Cultos; acta fundacional y Estatuto; constancia del lugar donde se realiza el culto, mediante informaci\u00f3n sumaria en donde constare el lugar de culto; documentaci\u00f3n que acredite la condici\u00f3n de pastor; fotocopia de DNI del Pastor y presidente de la misma en caso de no coincidir en la misma persona.<\/p>\n\n\n\n<p>Adem\u00e1s, se les entregar\u00e1 una credencial a los pastores presidentes, una alternativa jur\u00eddica, hasta obtener el Registro Nacional de Culto-Ley 21.745 y se crear\u00e1n 5 postas de tramitaci\u00f3n para la registraci\u00f3n en Resistencia, Castelli, San Mart\u00edn, S\u00e1enz Pe\u00f1a y Villa \u00c1ngela.<\/p>\n","protected":false},"excerpt":{"rendered":"<p>El gobernador Jorge Capitanich particip\u00f3 este lunes del Encuentro de Iglesias Evang\u00e9licas que reuni\u00f3 a referentes de m\u00e1s de 200 instituciones, en el Centro de Convenciones Gala, en donde entreg\u00f3 150 certificados del Registro Provincial de Culto a 150 representantes, destacando \u201cel rol social que cumplen las iglesias, dada la contenci\u00f3n espiritual que brindan y &hellip;<\/p>\n","protected":false},"author":2,"featured_media":43621,"comment_status":"open","ping_status":"open","sticky":false,"template":"","format":"standard","meta":{"_jetpack_memberships_contains_paid_content":false,"footnotes":"","jetpack_publicize_message":"","jetpack_publicize_feature_enabled":true,"jetpack_social_post_already_shared":true,"jetpack_social_options":{"image_generator_settings":{"template":"highway","default_image_id":0,"font":"","enabled":false},"version":2}},"categories":[5,14,12],"tags":[],"class_list":["post-43620","post","type-post","status-publish","format-standard","has-post-thumbnail","hentry","category-chaco","category-politica","category-ultimo"],"jetpack_publicize_connections":[],"jetpack_featured_media_url":"https:\/\/portalmovil.com.ar\/wp-content\/uploads\/2021\/11\/618080ef4d60a446091731.jpeg","jetpack_sharing_enabled":true,"amp_enabled":true,"_links":{"self":[{"href":"https:\/\/portalmovil.com.ar\/index.php\/wp-json\/wp\/v2\/posts\/43620","targetHints":{"allow":["GET"]}}],"collection":[{"href":"https:\/\/portalmovil.com.ar\/index.php\/wp-json\/wp\/v2\/posts"}],"about":[{"href":"https:\/\/portalmovil.com.ar\/index.php\/wp-json\/wp\/v2\/types\/post"}],"author":[{"embeddable":true,"href":"https:\/\/portalmovil.com.ar\/index.php\/wp-json\/wp\/v2\/users\/2"}],"replies":[{"embeddable":true,"href":"https:\/\/portalmovil.com.ar\/index.php\/wp-json\/wp\/v2\/comments?post=43620"}],"version-history":[{"count":1,"href":"https:\/\/portalmovil.com.ar\/index.php\/wp-json\/wp\/v2\/posts\/43620\/revisions"}],"predecessor-version":[{"id":43622,"href":"https:\/\/portalmovil.com.ar\/index.php\/wp-json\/wp\/v2\/posts\/43620\/revisions\/43622"}],"wp:featuredmedia":[{"embeddable":true,"href":"https:\/\/portalmovil.com.ar\/index.php\/wp-json\/wp\/v2\/media\/43621"}],"wp:attachment":[{"href":"https:\/\/portalmovil.com.ar\/index.php\/wp-json\/wp\/v2\/media?parent=43620"}],"wp:term":[{"taxonomy":"category","embeddable":true,"href":"https:\/\/portalmovil.com.ar\/index.php\/wp-json\/wp\/v2\/categories?post=43620"},{"taxonomy":"post_tag","embeddable":true,"href":"https:\/\/portalmovil.com.ar\/index.php\/wp-json\/wp\/v2\/tags?post=43620"}],"curies":[{"name":"wp","href":"https:\/\/api.w.org\/{rel}","templated":true}]}}