{"id":43581,"date":"2021-11-01T15:01:23","date_gmt":"2021-11-01T18:01:23","guid":{"rendered":"https:\/\/portalmovil.com.ar\/?p=43581"},"modified":"2021-11-01T15:01:30","modified_gmt":"2021-11-01T18:01:30","slug":"formaron-convenios-que-permitiran-potenciar-la-ciencia-y-tecnologia-en-la-provincia","status":"publish","type":"post","link":"https:\/\/portalmovil.com.ar\/index.php\/2021\/11\/01\/formaron-convenios-que-permitiran-potenciar-la-ciencia-y-tecnologia-en-la-provincia\/","title":{"rendered":"Formaron convenios que permitir\u00e1n potenciar la ciencia y tecnolog\u00eda en la provincia"},"content":{"rendered":"\n<p>El gobernador Jorge Capitanich suscribi\u00f3 en la ma\u00f1ana de este lunes, junto al ministro de Educaci\u00f3n de la Naci\u00f3n, Daniel&nbsp;Filmus;&nbsp;y la presidenta del Consejo Nacional de Investigaciones Cient\u00edficas y T\u00e9cnicas (Conicet), Ana Franchi, un convenio&nbsp;que permitir\u00e1&nbsp;garantizar 14 ingresos para la carrera de Investigador Cient\u00edfico y Tecnol\u00f3gico, 20 becas posdoctorales y 10 becas doctorales con cofinanciamiento en institutos de doble dependencia,&nbsp;y una&nbsp;carta de intenci\u00f3n de la Agenda Territorial Integradora de Ciencia, Tecnolog\u00eda e Innovaci\u00f3n para intervenir y planificar pol\u00edticas p\u00fablicas en territorio.<\/p>\n\n\n\n<p>\u201cEstas son pol\u00edticas sensibles que nos permiten transformar la realidad y es el primer gran paso en el sendero de la recuperaci\u00f3n econ\u00f3mica, del progreso econ\u00f3mico y social de nuestra tierra\u201d,&nbsp;dijo el gobernador.<\/p>\n\n\n\n<p>El gobernador ponder\u00f3 adem\u00e1s que el Chaco forma&nbsp;parte de las cuatro&nbsp;provincias de proyectos especiales del Conicet&nbsp;entre ellas Catamarca, La Pampa y San Juan. \u201cApostamos a la tecnolog\u00eda, a la ciencia y a la innovaci\u00f3n productiva para el desarrollo\u201d,&nbsp;dijo Capitanich quien estuvo acompa\u00f1ado por la vicegobernadora, Anal\u00eda Rach Quiroga y el ministro de Educaci\u00f3n de la provincia, Aldo Lineras.<\/p>\n","protected":false},"excerpt":{"rendered":"<p>El gobernador Jorge Capitanich suscribi\u00f3 en la ma\u00f1ana de este lunes, junto al ministro de Educaci\u00f3n de la Naci\u00f3n, Daniel&nbsp;Filmus;&nbsp;y la presidenta del Consejo Nacional de Investigaciones Cient\u00edficas y T\u00e9cnicas (Conicet), Ana Franchi, un convenio&nbsp;que permitir\u00e1&nbsp;garantizar 14 ingresos para la carrera de Investigador Cient\u00edfico y Tecnol\u00f3gico, 20 becas posdoctorales y 10 becas doctorales con cofinanciamiento &hellip;<\/p>\n","protected":false},"author":2,"featured_media":43582,"comment_status":"open","ping_status":"open","sticky":false,"template":"","format":"standard","meta":{"_jetpack_memberships_contains_paid_content":false,"footnotes":"","jetpack_publicize_message":"","jetpack_publicize_feature_enabled":true,"jetpack_social_post_already_shared":true,"jetpack_social_options":{"image_generator_settings":{"template":"highway","default_image_id":0,"font":"","enabled":false},"version":2}},"categories":[5,14,12],"tags":[],"class_list":["post-43581","post","type-post","status-publish","format-standard","has-post-thumbnail","hentry","category-chaco","category-politica","category-ultimo"],"jetpack_publicize_connections":[],"jetpack_featured_media_url":"https:\/\/portalmovil.com.ar\/wp-content\/uploads\/2021\/11\/61801231589f8649499532.jpg","jetpack_sharing_enabled":true,"amp_enabled":true,"_links":{"self":[{"href":"https:\/\/portalmovil.com.ar\/index.php\/wp-json\/wp\/v2\/posts\/43581","targetHints":{"allow":["GET"]}}],"collection":[{"href":"https:\/\/portalmovil.com.ar\/index.php\/wp-json\/wp\/v2\/posts"}],"about":[{"href":"https:\/\/portalmovil.com.ar\/index.php\/wp-json\/wp\/v2\/types\/post"}],"author":[{"embeddable":true,"href":"https:\/\/portalmovil.com.ar\/index.php\/wp-json\/wp\/v2\/users\/2"}],"replies":[{"embeddable":true,"href":"https:\/\/portalmovil.com.ar\/index.php\/wp-json\/wp\/v2\/comments?post=43581"}],"version-history":[{"count":1,"href":"https:\/\/portalmovil.com.ar\/index.php\/wp-json\/wp\/v2\/posts\/43581\/revisions"}],"predecessor-version":[{"id":43583,"href":"https:\/\/portalmovil.com.ar\/index.php\/wp-json\/wp\/v2\/posts\/43581\/revisions\/43583"}],"wp:featuredmedia":[{"embeddable":true,"href":"https:\/\/portalmovil.com.ar\/index.php\/wp-json\/wp\/v2\/media\/43582"}],"wp:attachment":[{"href":"https:\/\/portalmovil.com.ar\/index.php\/wp-json\/wp\/v2\/media?parent=43581"}],"wp:term":[{"taxonomy":"category","embeddable":true,"href":"https:\/\/portalmovil.com.ar\/index.php\/wp-json\/wp\/v2\/categories?post=43581"},{"taxonomy":"post_tag","embeddable":true,"href":"https:\/\/portalmovil.com.ar\/index.php\/wp-json\/wp\/v2\/tags?post=43581"}],"curies":[{"name":"wp","href":"https:\/\/api.w.org\/{rel}","templated":true}]}}