{"id":43529,"date":"2021-10-29T21:41:10","date_gmt":"2021-10-30T00:41:10","guid":{"rendered":"https:\/\/portalmovil.com.ar\/?p=43529"},"modified":"2021-10-29T21:41:13","modified_gmt":"2021-10-30T00:41:13","slug":"la-justicia-confirmo-la-medida-cautelar-para-la-concrecion-de-la-terminal-de-omnibus-en-barranqueras","status":"publish","type":"post","link":"https:\/\/portalmovil.com.ar\/index.php\/2021\/10\/29\/la-justicia-confirmo-la-medida-cautelar-para-la-concrecion-de-la-terminal-de-omnibus-en-barranqueras\/","title":{"rendered":"La Justicia confirm\u00f3 la medida cautelar para la concreci\u00f3n de la terminal de \u00f3mnibus en Barranqueras"},"content":{"rendered":"\n<p><strong>La Sala IV de la C\u00e1mara de Apelaciones en lo Civil y Comercial de la ciudad de Resistencia, confirm\u00f3 el fallo dictado por el juez Juli\u00e1n Flores. &nbsp;<\/strong><ins><\/ins><\/p>\n\n\n\n<p>A ra\u00edz de la disidencia suscitada entre los jueces integrantes de la Sala, la misma se integr\u00f3 con Gladys Esther Zamora, quien se adhiri\u00f3 al voto pronunciado por el juez Diego Derewicki, en el sentido de confirmar la decisi\u00f3n de la instancia anterior, en un precedente de avanzada doctrina, en relaci\u00f3n a medidas anticautelares.<\/p>\n\n\n\n<p><strong>La intendente de Barranqueras, Magda Ayala, obtuvo el financiamiento nacional para llevar adelante el proyecto que culminar\u00e1 con la concreci\u00f3n de la terminal de \u00f3mnibus en la ciudad portuaria, y debi\u00f3 recurrir a la Justicia ante el accionar de una empresa de capitales privados que puso en peligro el mismo, pretendiendo obstaculizar la ejecuci\u00f3n del proyecto.<\/strong><\/p>\n\n\n\n<p><strong>Se trata de un obra anhelada por los vecinos de Barranqueras como tambi\u00e9n hist\u00f3rica, que permitir\u00e1 a los ciudadanos y usuarios de los servicios de transporte, contar con una infraestructura adecuada y accesible en su ejido municipal, sin la necesidad que trasladarse hacia la ciudad de Resistencia o Corrientes<\/strong>, como as\u00ed tambi\u00e9n para garantizar la seguridad y ordenamiento del tr\u00e1nsito, disminuyendo situaciones de peligro vehicular.<\/p>\n\n\n\n<p><strong>El fallo recalca el principio de la autonom\u00eda municipal, consagrado en la Constituci\u00f3n Nacional en el art\u00edculo 5 y reforzado tras la reforma constitucional de 1994 en el art\u00edculo 123.<\/strong><\/p>\n\n\n\n<p>En la extensa resoluci\u00f3n judicial, el juez Derewicki sostuvo que \u201c\u2026s\u00ed se puede advertir la intenci\u00f3n de la accionada de obstaculizar la ejecuci\u00f3n del convenio en cuesti\u00f3n, por lo que a fin de evitar un potencial abuso procesal, sopesando la envergadura econ\u00f3mica y social del proyecto a realizarse en beneficio de toda una comunidad, y muy especialmente, el inter\u00e9s p\u00fablico comprometido en el mismo, me inclino -tal lo adelantado- a confirmar la decisi\u00f3n en crisis.- Con esta impronta, se pronunci\u00f3 el M\u00e1ximo Tribunal local, en oportunidad de sentenciar en la causa \u00abCeshma\u00bb, aludiendo a la doctrina anticautelar e inclin\u00e1ndose por una postura que impida el ejercicio excesivo de la potestad cautelar\u2026\u201d<\/p>\n\n\n\n<p>Por su parte, la jueza Zamora consign\u00f3 \u201c\u2026De manera que, tal como se pondera en el voto al que adhiero: la Municipalidad de Barranqueras, al suscribir el mencionado convenio, a primera vista ejerci\u00f3 sus facultades como un Estado municipal aut\u00f3nomo en los t\u00e9rminos el arts. 5\u00ba y 123 de la Constituci\u00f3n Nacional.- Dado lo anterior, existe un inter\u00e9s tutelable en la petici\u00f3n de impedir, a trav\u00e9s de la actuaci\u00f3n jurisdiccional preventiva, la afectaci\u00f3n del ejercicio de aquella autonom\u00eda a trav\u00e9s de actos de la requerida que, a juzgar por las presentaciones efectuadas por el presidente de la Estaci\u00f3n Terminal de \u00d3mnibus Resistencia SA, son previsibles y pueden ocasionar un da\u00f1o econ\u00f3mico cierto\u2026\u201d.<\/p>\n","protected":false},"excerpt":{"rendered":"<p>La Sala IV de la C\u00e1mara de Apelaciones en lo Civil y Comercial de la ciudad de Resistencia, confirm\u00f3 el fallo dictado por el juez Juli\u00e1n Flores. &nbsp; A ra\u00edz de la disidencia suscitada entre los jueces integrantes de la Sala, la misma se integr\u00f3 con Gladys Esther Zamora, quien se adhiri\u00f3 al voto pronunciado &hellip;<\/p>\n","protected":false},"author":2,"featured_media":43530,"comment_status":"open","ping_status":"open","sticky":false,"template":"","format":"standard","meta":{"_jetpack_memberships_contains_paid_content":false,"footnotes":"","jetpack_publicize_message":"","jetpack_publicize_feature_enabled":true,"jetpack_social_post_already_shared":true,"jetpack_social_options":{"image_generator_settings":{"template":"highway","default_image_id":0,"font":"","enabled":false},"version":2}},"categories":[14],"tags":[],"class_list":["post-43529","post","type-post","status-publish","format-standard","has-post-thumbnail","hentry","category-politica"],"jetpack_publicize_connections":[],"jetpack_featured_media_url":"https:\/\/portalmovil.com.ar\/wp-content\/uploads\/2021\/10\/multimedia.normal.8ed5350e8f58803f.576861747341707020496d61676520323032312d30352d32312061742031302e5f6e6f726d616c2e6a706567.jpeg","jetpack_sharing_enabled":true,"amp_enabled":true,"_links":{"self":[{"href":"https:\/\/portalmovil.com.ar\/index.php\/wp-json\/wp\/v2\/posts\/43529","targetHints":{"allow":["GET"]}}],"collection":[{"href":"https:\/\/portalmovil.com.ar\/index.php\/wp-json\/wp\/v2\/posts"}],"about":[{"href":"https:\/\/portalmovil.com.ar\/index.php\/wp-json\/wp\/v2\/types\/post"}],"author":[{"embeddable":true,"href":"https:\/\/portalmovil.com.ar\/index.php\/wp-json\/wp\/v2\/users\/2"}],"replies":[{"embeddable":true,"href":"https:\/\/portalmovil.com.ar\/index.php\/wp-json\/wp\/v2\/comments?post=43529"}],"version-history":[{"count":1,"href":"https:\/\/portalmovil.com.ar\/index.php\/wp-json\/wp\/v2\/posts\/43529\/revisions"}],"predecessor-version":[{"id":43531,"href":"https:\/\/portalmovil.com.ar\/index.php\/wp-json\/wp\/v2\/posts\/43529\/revisions\/43531"}],"wp:featuredmedia":[{"embeddable":true,"href":"https:\/\/portalmovil.com.ar\/index.php\/wp-json\/wp\/v2\/media\/43530"}],"wp:attachment":[{"href":"https:\/\/portalmovil.com.ar\/index.php\/wp-json\/wp\/v2\/media?parent=43529"}],"wp:term":[{"taxonomy":"category","embeddable":true,"href":"https:\/\/portalmovil.com.ar\/index.php\/wp-json\/wp\/v2\/categories?post=43529"},{"taxonomy":"post_tag","embeddable":true,"href":"https:\/\/portalmovil.com.ar\/index.php\/wp-json\/wp\/v2\/tags?post=43529"}],"curies":[{"name":"wp","href":"https:\/\/api.w.org\/{rel}","templated":true}]}}