{"id":43430,"date":"2021-10-28T22:26:26","date_gmt":"2021-10-29T01:26:26","guid":{"rendered":"https:\/\/portalmovil.com.ar\/?p=43430"},"modified":"2021-10-28T22:26:32","modified_gmt":"2021-10-29T01:26:32","slug":"el-senado-aprobo-ley-que-prohibe-desalojos-de-pueblos-originarios","status":"publish","type":"post","link":"https:\/\/portalmovil.com.ar\/index.php\/2021\/10\/28\/el-senado-aprobo-ley-que-prohibe-desalojos-de-pueblos-originarios\/","title":{"rendered":"El Senado aprob\u00f3 ley que proh\u00edbe desalojos de pueblos originarios"},"content":{"rendered":"\n<p>El Senado aprob\u00f3 este jueves y gir\u00f3 a la C\u00e1mara de Diputados el proyecto de ley que prorroga por cuatro a\u00f1os la emergencia territorial ind\u00edgena y evita los desalojos, durante una sesi\u00f3n en la que el oficialismo reclam\u00f3 a la oposici\u00f3n \u00abno mezclar\u00bb el accionar de grupos vand\u00e1licos en el sur del pa\u00eds con las necesidades de las comunidades abor\u00edgenes.<\/p>\n\n\n\n<p><br>La pr\u00f3rroga por cuatro a\u00f1os de la emergencia territorial fue votada por 43 votos afirmativos, dos negativos y siete abstenciones de senadores de la oposici\u00f3n, durante la segunda sesi\u00f3n con presencialidad plena que se desarrolla hoy desde el levantamiento de las restricciones por la pandemia de coronavirus.<\/p>\n\n\n\n<p><br>Los senadores del radicalismo, Ernesto Mart\u00ednez y Julio Mart\u00ednez, votaron en contra del proyecto con el argumento de que perjudica la resoluci\u00f3n judicial de ocupaciones ilegales de tierras en estas comunidades, mientras que otros siete legisladores de Cambiemos se abstuvieron de emitir su voto.<\/p>\n\n\n\n<p><br>Se trata de los senadores de PRO, Humberto Schiavoni, Laura Rodr\u00edguez Machado, y sus pares de bancada por el radicalismo Pamela Verasay y Oscar Castillo, as\u00ed como de Roberto Basualdo, Juan Carlos Romero y la santafesina Alejandra Vucasovich.<\/p>\n\n\n\n<p><br>El texto aprobado prorroga los plazos de los art\u00edculos 1, 2 y 3 de la ley 26.160 hasta el 23 de noviembre de 2025, que declaran la emergencia en materia de posesi\u00f3n y propiedad de las tierras que tradicionalmente ocupan las comunidades ind\u00edgenas originarias del pa\u00eds, suspenden los desalojos y disponen el relevamiento catastral de las tierras.<\/p>\n\n\n\n<p><br>Tambi\u00e9n se dispone la asignaci\u00f3n, para los cuatro ejercicios presupuestarios que se aprueben con posterioridad a la sanci\u00f3n de esta ley, de un cr\u00e9dito de 290 millones de pesos destinados al fondo especial creado por la citada ley de comunidades ind\u00edgenas.<br>El Instituto Nacional de Asuntos Ind\u00edgenas deber\u00e1 presentar un informe anual que detalle el estado de avance de estados catastrales.<\/p>\n\n\n\n<p><br>Cuando promediaba el debate, senadores del oficialismo rechazaron acusaciones de sus pares opositores sobre supuestas posiciones permisivas hacia grupos vand\u00e1licos a los que algunos vinculan con la comunidad mapuche en el sur del pa\u00eds y les reclamaron que \u00abdejen de mezclar las cosas\u00bb para obtener \u00abr\u00e9ditos electorales\u00bb.<\/p>\n\n\n\n<p><br>El senador del Frente de Todos (FdT) por Chubut, Alfredo Luenzo, cruz\u00f3 a su par de Juntos por el Cambio (JxC) Ernesto Mart\u00ednez al asegurar que \u00abla derecha necesita de un enemigo en un escenario electoral\u00bb y reclam\u00f3 a la alianza opositora dejar de utilizar las palabras \u00abterrorismo y subversivos\u00bb para referirse al conflicto en el sur, que, dijo, \u00abson, conceptos muy caros en Argentina\u00bb.<\/p>\n\n\n\n<p><br>Mart\u00ednez, que lo hab\u00eda antecedido en la palabra, denunci\u00f3 que el Estado \u00abse la pasa retrocediendo en la defensa de su integridad territorial, asustado porque un grupo de disfrazados lo saca de la categor\u00eda de bienpensante o sensible de las causas bellas\u00bb.<\/p>\n\n\n\n<p><br>El jefe de los senadores del Frente de Todos, Jos\u00e9 Mayans, consider\u00f3 que \u00abesta reparaci\u00f3n est\u00e1 bien\u00bb y que en un Estado de derecho rigen la Constituci\u00f3n y las leyes y que esta ley \u00abno es ning\u00fan factor de impedimento\u00bb para que la Justicia act\u00fae en el caso de usurpaciones ilegales de tierras.<\/p>\n\n\n\n<p><br>\u00abNo hay que mezclar. Hay gente que est\u00e1 oprimida y en la pobreza, no podemos seguir indefinidamente (con las pr\u00f3rrogas) pero no podemos echarle la culpa a toda la comunidad aborigen lo que hace un grupo de delincuentes\u00bb, subray\u00f3.<\/p>\n\n\n\n<p><br>La autora de la propuesta, la senadora del Frente de Todos por Salta, Nora Gim\u00e9nez, consider\u00f3 que se trata de \u00abuna deuda hist\u00f3rica y una responsabilidad como pol\u00edtica de Estado\u00bb as\u00ed como \u00abuna herramienta de pacificaci\u00f3n\u00bb para evitar conflictos por tierras.<\/p>\n\n\n\n<p><br>La legisladora explic\u00f3 que se trata de \u00abuna responsabilidad garantizar la paz social y que no se reabran estos conflictos (por las tierras) a lo largo y ancho del pa\u00eds y que esta sea la \u00faltima pr\u00f3rroga que se otorga\u00bb.<\/p>\n\n\n\n<p><br>\u00abOtorgamos esta herramienta para completar los relevamientos t\u00e9cnicos\u00bb sobre la cantidad de tierras de comunidades abor\u00edgenes en el pa\u00eds y abog\u00f3 en favor de que \u00abla pr\u00f3xima discusi\u00f3n sea el debate sobre la definici\u00f3n de la tierra comunitaria para garantizar la entrega definitiva de la tierra\u00bb.<\/p>\n\n\n\n<p><br>\u00abSer\u00e1 -dijo- un acto de profunda justicia social\u00bb y record\u00f3 que la ley fue aprobada en 2006 durante la gesti\u00f3n de N\u00e9stor Kirchner como \u00abuna clara respuesta al clamor de pueblos originarios frente al riesgo de la p\u00e9rdida por acciones judiciales y por la ocupaci\u00f3n efectiva de sus tierras\u00bb.<\/p>\n\n\n\n<p><br>La legisladora destac\u00f3 la importancia de completar los relevamientos catastrales de las comunidades y dijo que gracias a esta iniciativa de 950 comunidades se termin\u00f3 relevando unas 988.<\/p>\n\n\n\n<p><br>En representaci\u00f3n de Juntos por el Cambio, el senador por Chaco V\u00edctor Zimmerman propuso modificaciones al texto original, algunas de las cuales fueron aceptadas por el oficialismo.<\/p>\n","protected":false},"excerpt":{"rendered":"<p>El Senado aprob\u00f3 este jueves y gir\u00f3 a la C\u00e1mara de Diputados el proyecto de ley que prorroga por cuatro a\u00f1os la emergencia territorial ind\u00edgena y evita los desalojos, durante una sesi\u00f3n en la que el oficialismo reclam\u00f3 a la oposici\u00f3n \u00abno mezclar\u00bb el accionar de grupos vand\u00e1licos en el sur del pa\u00eds con las &hellip;<\/p>\n","protected":false},"author":2,"featured_media":43431,"comment_status":"open","ping_status":"open","sticky":false,"template":"","format":"standard","meta":{"_jetpack_memberships_contains_paid_content":false,"footnotes":"","jetpack_publicize_message":"","jetpack_publicize_feature_enabled":true,"jetpack_social_post_already_shared":true,"jetpack_social_options":{"image_generator_settings":{"template":"highway","default_image_id":0,"font":"","enabled":false},"version":2}},"categories":[639,14],"tags":[],"class_list":["post-43430","post","type-post","status-publish","format-standard","has-post-thumbnail","hentry","category-argentina","category-politica"],"jetpack_publicize_connections":[],"jetpack_featured_media_url":"https:\/\/portalmovil.com.ar\/wp-content\/uploads\/2021\/10\/22048007_863987777111942_3679388608291807068_o-850x491-1.jpg","jetpack_sharing_enabled":true,"amp_enabled":true,"_links":{"self":[{"href":"https:\/\/portalmovil.com.ar\/index.php\/wp-json\/wp\/v2\/posts\/43430","targetHints":{"allow":["GET"]}}],"collection":[{"href":"https:\/\/portalmovil.com.ar\/index.php\/wp-json\/wp\/v2\/posts"}],"about":[{"href":"https:\/\/portalmovil.com.ar\/index.php\/wp-json\/wp\/v2\/types\/post"}],"author":[{"embeddable":true,"href":"https:\/\/portalmovil.com.ar\/index.php\/wp-json\/wp\/v2\/users\/2"}],"replies":[{"embeddable":true,"href":"https:\/\/portalmovil.com.ar\/index.php\/wp-json\/wp\/v2\/comments?post=43430"}],"version-history":[{"count":1,"href":"https:\/\/portalmovil.com.ar\/index.php\/wp-json\/wp\/v2\/posts\/43430\/revisions"}],"predecessor-version":[{"id":43432,"href":"https:\/\/portalmovil.com.ar\/index.php\/wp-json\/wp\/v2\/posts\/43430\/revisions\/43432"}],"wp:featuredmedia":[{"embeddable":true,"href":"https:\/\/portalmovil.com.ar\/index.php\/wp-json\/wp\/v2\/media\/43431"}],"wp:attachment":[{"href":"https:\/\/portalmovil.com.ar\/index.php\/wp-json\/wp\/v2\/media?parent=43430"}],"wp:term":[{"taxonomy":"category","embeddable":true,"href":"https:\/\/portalmovil.com.ar\/index.php\/wp-json\/wp\/v2\/categories?post=43430"},{"taxonomy":"post_tag","embeddable":true,"href":"https:\/\/portalmovil.com.ar\/index.php\/wp-json\/wp\/v2\/tags?post=43430"}],"curies":[{"name":"wp","href":"https:\/\/api.w.org\/{rel}","templated":true}]}}