{"id":43421,"date":"2021-10-28T20:29:34","date_gmt":"2021-10-28T23:29:34","guid":{"rendered":"https:\/\/portalmovil.com.ar\/?p=43421"},"modified":"2021-10-28T20:29:39","modified_gmt":"2021-10-28T23:29:39","slug":"los-14-directivos-de-vicentin-no-podran-salir-del-pais-y-el-juez-fijo-una-caucion-de-us-10-millones","status":"publish","type":"post","link":"https:\/\/portalmovil.com.ar\/index.php\/2021\/10\/28\/los-14-directivos-de-vicentin-no-podran-salir-del-pais-y-el-juez-fijo-una-caucion-de-us-10-millones\/","title":{"rendered":"Los 14 directivos de Vicentin no podr\u00e1n salir del pa\u00eds y el juez fij\u00f3 una cauci\u00f3n de U$S 10 millones"},"content":{"rendered":"\n<p>El juez penal de Rosario, Rom\u00e1n Lanz\u00f3n, rechaz\u00f3 el planteo de prisi\u00f3n preventiva solicitado por el fiscal Miguel Moreno para los ejecutivos de la firma agroexportadora, pero les prohibi\u00f3 irse de Argentina y fij\u00f3 una cauci\u00f3n para su libertad.<\/p>\n\n\n\n<p>Los\u00a014 directivos de la agroexportadora Vicentin imputados por estafas\u00a0no podr\u00e1n salir del pa\u00eds y seis de ellos deber\u00e1n fijar un seguro de cauci\u00f3n por U$S 10 millones para continuar en libertad, resolvi\u00f3 este jueves un juez penal de la ciudad de Rosario.<\/p>\n\n\n\n<p>De esta forma, el juez Rom\u00e1n Lanz\u00f3n rechaz\u00f3 el planteo de prisi\u00f3n preventiva solicitado por el fiscal Miguel Moreno para los ejecutivos Omar Scarel, Roberto Gazze, Alberto Macua, Miguel Vallaza y Javier Gazze, todos de la firma agroexportadora, al tiempo que le fij\u00f3 una cauci\u00f3n de 10U$S millones y el cumplimiento de una serie de medidas de conductas hasta que el caso vaya a juicio, informaron a T\u00e9lam fuentes judiciales.<\/p>\n\n\n\n<p>El fiscal, que el martes acus\u00f3 a los ejecutivos por balance falso y estafas por unos U$S600 millones, sostuvo tras la audiencia de este jueves en la que se debatieron las medidas cautelares: \u201cNosotros cre\u00edamos que era procedente la prisi\u00f3n preventiva, y ahora vamos a evaluar si apelamos o no\u201d.<\/p>\n\n\n\n<p>Si bien rechaz\u00f3 la prisi\u00f3n solicitada por el fiscal, el juez estableci\u00f3 que los 14 acusados deber\u00e1n fijar domicilio, y les dict\u00f3 la prohibici\u00f3n de salir del pa\u00eds y les orden\u00f3 entregar sus pasaportes a la Fiscal\u00eda.<\/p>\n\n\n\n<p>Moreno tambi\u00e9n hab\u00eda solicitada la prisi\u00f3n domiciliaria con tobillera electr\u00f3nica para Daniel N\u00e9stor Buyatti, expresidente del directorio de Vicentin, medida que fue rechazada por el juez.<\/p>\n\n\n\n<p>A la vez, Lanz\u00f3n dio por formalizada la acusaci\u00f3n presentada el martes pasado por el fiscal, que imput\u00f3 por m\u00e1s de una decena de estafas a quienes fueron miembro del directorio de la cerealera concursada hasta el 15 de octubre del a\u00f1o pasado, cuando renunciaron con el fin de generar \u201cconfianza\u201d en los acreedores de la compa\u00f1\u00eda.<\/p>\n\n\n\n<figure class=\"wp-block-image size-full\"><img loading=\"lazy\" decoding=\"async\" width=\"879\" height=\"586\" src=\"https:\/\/portalmovil.com.ar\/wp-content\/uploads\/2021\/10\/5JK2ER57QNASRICYVQYPQTSB6A.jpg\" alt=\"\" class=\"wp-image-43422\" srcset=\"https:\/\/portalmovil.com.ar\/wp-content\/uploads\/2021\/10\/5JK2ER57QNASRICYVQYPQTSB6A.jpg 879w, https:\/\/portalmovil.com.ar\/wp-content\/uploads\/2021\/10\/5JK2ER57QNASRICYVQYPQTSB6A-300x200.jpg 300w, https:\/\/portalmovil.com.ar\/wp-content\/uploads\/2021\/10\/5JK2ER57QNASRICYVQYPQTSB6A-768x512.jpg 768w\" sizes=\"auto, (max-width: 879px) 100vw, 879px\" \/><\/figure>\n\n\n\n<p>En concreto, el fiscal sostuvo que existi\u00f3 \u201cun ardid\u201d por parte de la conducci\u00f3n de la compa\u00f1\u00eda que consisti\u00f3 en introducir informaci\u00f3n falsa en los balances para mostrar \u201cuna aparente s\u00f3lida situaci\u00f3n patrimonial de la empresa Vicentin SAIC, con el fin de ocultar su realidad econ\u00f3mica financiera\u201d.<\/p>\n\n\n\n<p>Entre los damnificados por esas presuntas maniobras de estafa hay un grupo de clientes de la agroexportadora que le entreg\u00f3 granos bajo la modalidad de \u201cprecio a fijar\u201d, pero que no pudieron cobrarlos por la cesaci\u00f3n de pagos de la compa\u00f1\u00eda en diciembre de ese a\u00f1o.<\/p>\n\n\n\n<blockquote class=\"wp-block-quote quote-solid is-layout-flow wp-block-quote quote-solid-is-layout-flow\"><p>El juez estableci\u00f3 que los 14 acusados deber\u00e1n fijar domicilio, y les dict\u00f3 la prohibici\u00f3n de salir del pa\u00eds y les orden\u00f3 entregar sus pasaportes a la Fiscal\u00eda<\/p><\/blockquote>\n\n\n\n<p>Tambi\u00e9n un pool de bancos internacionales que otorg\u00f3 pr\u00e9stamos a Vicentin para prefinanciar exportaciones, convencidos de la solidez patrimonial de la firma.<\/p>\n\n\n\n<p>Seg\u00fan Moreno, Vicentin incluy\u00f3 en los balances 2017 y 2018 como activos corrientes los granos comprados bajo la modalidad de \u00abprecio a fijar\u00bb, pero no registr\u00f3 como pasivos corrientes las deudas por esos contratos a\u00fan impagos.<\/p>\n\n\n\n<p>Por eso acus\u00f3 a los 14 directivos de entonces -algunos de los cuales permanecen en la empresa- de \u00abrealizar una puesta en escena de empresa solvente y confiable, siendo exitoso a la hora de generar confianza en los productores, vendedores de granos, acopios, cooperativas y corredores\u00bb.<\/p>\n\n\n\n<p>Estos \u00faltimos, seg\u00fan el fiscal, \u00abenga\u00f1ados entregaron toneladas de granos a Vicentin bajo la modalidad de contratos con precio a fijar, con el pleno conocimiento de los directores y s\u00edndicos de la imposibilidad de cumplir las obligaciones asumidas\u00bb.<\/p>\n\n\n\n<p>Otro de los damnificados fue el Banco Macro, que de acuerdo a la investigaci\u00f3n le otorg\u00f3 dos cr\u00e9ditos por $280 millones \u2013el segundo con fecha del 30 de octubre de 2019- a Vicentin.<\/p>\n\n\n\n<p>\u00abA los fines de obtener las asistencias crediticias la empresa adjunt\u00f3 los estados contables cerrados al 31 de octubre de 2018, que aparentaban una situaci\u00f3n superavitaria y con solvencia econ\u00f3mica\u00bb, se\u00f1al\u00f3 el fiscal.<\/p>\n\n\n\n<p>Y agreg\u00f3 que \u00ablas maniobras de los directores de Vicentin era la de entregar documentaci\u00f3n con informaci\u00f3n contable falsa, ocultando la realidad econ\u00f3mica de la empresa\u00bb.<\/p>\n","protected":false},"excerpt":{"rendered":"<p>El juez penal de Rosario, Rom\u00e1n Lanz\u00f3n, rechaz\u00f3 el planteo de prisi\u00f3n preventiva solicitado por el fiscal Miguel Moreno para los ejecutivos de la firma agroexportadora, pero les prohibi\u00f3 irse de Argentina y fij\u00f3 una cauci\u00f3n para su libertad. Los\u00a014 directivos de la agroexportadora Vicentin imputados por estafas\u00a0no podr\u00e1n salir del pa\u00eds y seis de &hellip;<\/p>\n","protected":false},"author":2,"featured_media":43422,"comment_status":"open","ping_status":"open","sticky":false,"template":"","format":"standard","meta":{"_jetpack_memberships_contains_paid_content":false,"footnotes":"","jetpack_publicize_message":"","jetpack_publicize_feature_enabled":true,"jetpack_social_post_already_shared":true,"jetpack_social_options":{"image_generator_settings":{"template":"highway","default_image_id":0,"font":"","enabled":false},"version":2}},"categories":[8],"tags":[],"class_list":["post-43421","post","type-post","status-publish","format-standard","has-post-thumbnail","hentry","category-policiales"],"jetpack_publicize_connections":[],"jetpack_featured_media_url":"https:\/\/portalmovil.com.ar\/wp-content\/uploads\/2021\/10\/5JK2ER57QNASRICYVQYPQTSB6A.jpg","jetpack_sharing_enabled":true,"amp_enabled":true,"_links":{"self":[{"href":"https:\/\/portalmovil.com.ar\/index.php\/wp-json\/wp\/v2\/posts\/43421","targetHints":{"allow":["GET"]}}],"collection":[{"href":"https:\/\/portalmovil.com.ar\/index.php\/wp-json\/wp\/v2\/posts"}],"about":[{"href":"https:\/\/portalmovil.com.ar\/index.php\/wp-json\/wp\/v2\/types\/post"}],"author":[{"embeddable":true,"href":"https:\/\/portalmovil.com.ar\/index.php\/wp-json\/wp\/v2\/users\/2"}],"replies":[{"embeddable":true,"href":"https:\/\/portalmovil.com.ar\/index.php\/wp-json\/wp\/v2\/comments?post=43421"}],"version-history":[{"count":1,"href":"https:\/\/portalmovil.com.ar\/index.php\/wp-json\/wp\/v2\/posts\/43421\/revisions"}],"predecessor-version":[{"id":43423,"href":"https:\/\/portalmovil.com.ar\/index.php\/wp-json\/wp\/v2\/posts\/43421\/revisions\/43423"}],"wp:featuredmedia":[{"embeddable":true,"href":"https:\/\/portalmovil.com.ar\/index.php\/wp-json\/wp\/v2\/media\/43422"}],"wp:attachment":[{"href":"https:\/\/portalmovil.com.ar\/index.php\/wp-json\/wp\/v2\/media?parent=43421"}],"wp:term":[{"taxonomy":"category","embeddable":true,"href":"https:\/\/portalmovil.com.ar\/index.php\/wp-json\/wp\/v2\/categories?post=43421"},{"taxonomy":"post_tag","embeddable":true,"href":"https:\/\/portalmovil.com.ar\/index.php\/wp-json\/wp\/v2\/tags?post=43421"}],"curies":[{"name":"wp","href":"https:\/\/api.w.org\/{rel}","templated":true}]}}