{"id":43129,"date":"2021-10-25T22:15:57","date_gmt":"2021-10-26T01:15:57","guid":{"rendered":"https:\/\/portalmovil.com.ar\/?p=43129"},"modified":"2021-10-25T22:16:00","modified_gmt":"2021-10-26T01:16:00","slug":"sergio-alila-esta-internado-en-el-area-de-salud-mental-del-perrando-tendra-custodia-las-24-horas","status":"publish","type":"post","link":"https:\/\/portalmovil.com.ar\/index.php\/2021\/10\/25\/sergio-alila-esta-internado-en-el-area-de-salud-mental-del-perrando-tendra-custodia-las-24-horas\/","title":{"rendered":"Sergio Alila est\u00e1  internado en el \u00e1rea de Salud Mental del Perrando, tendr\u00e1 custodia las 24 horas"},"content":{"rendered":"\n<p>Luego de que el pasado s\u00e1bado no se pudo llevar a cabo la internaci\u00f3n de Sergio Alila por falta de lugar, finalmente este lunes, cerca de las 15 horas fue internado en el \u00e1rea de \u201cSalud Mental\u201d del Hospital Perrando.<\/p>\n\n\n\n<p>Luego de que el pasado s\u00e1bado no se pudo llevar a cabo la internaci\u00f3n de Sergio Alila por falta de lugar, finalmente este lunes, cerca de las 15 horas fue internado en el \u00e1rea de \u201cSalud Mental\u201d del Hospital Perrando.<\/p>\n\n\n\n<p>Alila tendr\u00e1 custodia policial durante las 24 horas a lo largo de toda su estad\u00eda internado en el Hospital.<\/p>\n\n\n\n<p>Esta internaci\u00f3n fue solicitada por la jueza de la C\u00e1mara Primera en lo Criminal de Resistencia, Natalia Kuray, luego de que se realizar\u00e1 la junta m\u00e9dica los primeros d\u00edas de este mes.<\/p>\n\n\n\n<p>FUENTE DIARIO TAG&nbsp;<\/p>\n","protected":false},"excerpt":{"rendered":"<p>Luego de que el pasado s\u00e1bado no se pudo llevar a cabo la internaci\u00f3n de Sergio Alila por falta de lugar, finalmente este lunes, cerca de las 15 horas fue internado en el \u00e1rea de \u201cSalud Mental\u201d del Hospital Perrando. Luego de que el pasado s\u00e1bado no se pudo llevar a cabo la internaci\u00f3n de &hellip;<\/p>\n","protected":false},"author":2,"featured_media":43130,"comment_status":"open","ping_status":"open","sticky":false,"template":"","format":"standard","meta":{"_jetpack_memberships_contains_paid_content":false,"footnotes":"","jetpack_publicize_message":"","jetpack_publicize_feature_enabled":true,"jetpack_social_post_already_shared":true,"jetpack_social_options":{"image_generator_settings":{"template":"highway","default_image_id":0,"font":"","enabled":false},"version":2}},"categories":[8,37],"tags":[],"class_list":["post-43129","post","type-post","status-publish","format-standard","has-post-thumbnail","hentry","category-policiales","category-resistencia"],"jetpack_publicize_connections":[],"jetpack_featured_media_url":"https:\/\/portalmovil.com.ar\/wp-content\/uploads\/2021\/10\/multimedia.normal.84ff2a65f485601d.77686174736170705f696d6167655f323032312d31302d32355f61745f32302e5f6e6f726d616c2e6a706567.jpeg","jetpack_sharing_enabled":true,"amp_enabled":true,"_links":{"self":[{"href":"https:\/\/portalmovil.com.ar\/index.php\/wp-json\/wp\/v2\/posts\/43129","targetHints":{"allow":["GET"]}}],"collection":[{"href":"https:\/\/portalmovil.com.ar\/index.php\/wp-json\/wp\/v2\/posts"}],"about":[{"href":"https:\/\/portalmovil.com.ar\/index.php\/wp-json\/wp\/v2\/types\/post"}],"author":[{"embeddable":true,"href":"https:\/\/portalmovil.com.ar\/index.php\/wp-json\/wp\/v2\/users\/2"}],"replies":[{"embeddable":true,"href":"https:\/\/portalmovil.com.ar\/index.php\/wp-json\/wp\/v2\/comments?post=43129"}],"version-history":[{"count":1,"href":"https:\/\/portalmovil.com.ar\/index.php\/wp-json\/wp\/v2\/posts\/43129\/revisions"}],"predecessor-version":[{"id":43131,"href":"https:\/\/portalmovil.com.ar\/index.php\/wp-json\/wp\/v2\/posts\/43129\/revisions\/43131"}],"wp:featuredmedia":[{"embeddable":true,"href":"https:\/\/portalmovil.com.ar\/index.php\/wp-json\/wp\/v2\/media\/43130"}],"wp:attachment":[{"href":"https:\/\/portalmovil.com.ar\/index.php\/wp-json\/wp\/v2\/media?parent=43129"}],"wp:term":[{"taxonomy":"category","embeddable":true,"href":"https:\/\/portalmovil.com.ar\/index.php\/wp-json\/wp\/v2\/categories?post=43129"},{"taxonomy":"post_tag","embeddable":true,"href":"https:\/\/portalmovil.com.ar\/index.php\/wp-json\/wp\/v2\/tags?post=43129"}],"curies":[{"name":"wp","href":"https:\/\/api.w.org\/{rel}","templated":true}]}}