{"id":42987,"date":"2021-10-22T09:27:45","date_gmt":"2021-10-22T12:27:45","guid":{"rendered":"https:\/\/portalmovil.com.ar\/?p=42987"},"modified":"2021-10-22T09:27:50","modified_gmt":"2021-10-22T12:27:50","slug":"alec-baldwin-disparo-por-accidente-un-arma-durante-un-rodaje-y-murio-la-directora-de-fotografia-de-la-pelicula","status":"publish","type":"post","link":"https:\/\/portalmovil.com.ar\/index.php\/2021\/10\/22\/alec-baldwin-disparo-por-accidente-un-arma-durante-un-rodaje-y-murio-la-directora-de-fotografia-de-la-pelicula\/","title":{"rendered":"Alec Baldwin dispar\u00f3 por accidente un arma durante un rodaje y muri\u00f3 la directora de fotograf\u00eda de la pel\u00edcula"},"content":{"rendered":"\n<p>El actor&nbsp;<strong>Alec Baldwin<\/strong>&nbsp;mat\u00f3 por accidente con una pistola de utiler\u00eda a<strong>&nbsp;Halyn Hutchin<\/strong>, directora de fotograf\u00eda de la pel\u00edcula \u00ab<strong>Rust<\/strong>\u00ab, e hiri\u00f3 tambi\u00e9n al director del film,&nbsp;<strong>Joel Souza<\/strong>, mientras rodaban en el estado norteamericano de Nuevo M\u00e9xico.<\/p>\n\n\n\n<p>Las autoridades estatales confirmaron que\u00a0<strong>el disparo se produjo por accidente<\/strong>,\u00a0<strong>al fallar la pistola de utiler\u00eda<\/strong>, y que la v\u00edctima, de 42 a\u00f1os, fue trasladada por los servicios de emergencia al Hospital de la Universidad de Nuevo M\u00e9xico donde declararon su muerte..<\/p>\n\n\n\n<p>Adem\u00e1s, en el accidente&nbsp;<strong>tambi\u00e9n result\u00f3 herido el director Joel Souza<\/strong>, de 48 a\u00f1os, quien fue internado en el Centro M\u00e9dico Regional Saint Vicente.<\/p>\n\n\n\n<figure class=\"wp-block-image is-resized\"><img loading=\"lazy\" decoding=\"async\" src=\"https:\/\/media.minutouno.com\/p\/3bef234b345b5fc979e5115287fa815d\/adjuntos\/150\/imagenes\/039\/404\/0039404745\/joel-souza.jpg?2021-10-22-08-42-31\" alt=\"Accidente en Hollybood: El director de \" width=\"1011\" height=\"568\"\/><\/figure>\n\n\n\n<p>Accidente en Hollybood: El director de \u00abRust\u00bb, Joel Souza, tambi\u00e9n result\u00f3 herido<\/p>\n\n\n\n<p>La noticia conmociona a todo\u00a0Hollywood. En las \u00faltimas horas, a trav\u00e9s de las redes sociales se difundieron\u00a0<strong>las primeras fotos de Alec Baldwin tras el accidente.<\/strong><\/p>\n\n\n\n<p>Las im\u00e1genes, compartidas por el presentador de televisi\u00f3n brit\u00e1nico Piers Morgan en Twitter y tomadas por el diario New Mexican, registraron al actor en la comisar\u00eda del condado de Santa Fe.<\/p>\n\n\n\n<p>En una\u00a0foto\u00a0se lo ve hablando por tel\u00e9fono mientras que en otra est\u00e1 inclinado, con las manos en la rodilla y acongojado.<\/p>\n\n\n\n<figure class=\"wp-block-image is-resized\"><img loading=\"lazy\" decoding=\"async\" src=\"https:\/\/media.minutouno.com\/p\/38868edcf5d26934986a4bbdf54f6747\/adjuntos\/150\/imagenes\/039\/404\/0039404692\/alec-baldwin-rust.jpg?2021-10-22-08-30-09\" alt=\"\" width=\"969\" height=\"661\"\/><\/figure>\n\n\n\n<p>Actualmente, la investigaci\u00f3n est\u00e1 en curso pero las autoridades informaron que, de momento, no se presentaron cargos. Mientras tanto, la producci\u00f3n de la pel\u00edcula, dirigida por Souza y que contaba con Baldwin como productor y actor, se detuvo.<\/p>\n\n\n\n<figure class=\"wp-block-image is-resized\"><img loading=\"lazy\" decoding=\"async\" src=\"https:\/\/media.minutouno.com\/p\/84e50dfaf11df19fd6edf863a5889218\/adjuntos\/150\/imagenes\/039\/404\/0039404360\/730x0\/smart\/alec-baldwin-rust.jpg\" alt=\"\" width=\"1003\" height=\"646\"\/><\/figure>\n","protected":false},"excerpt":{"rendered":"<p>El actor&nbsp;Alec Baldwin&nbsp;mat\u00f3 por accidente con una pistola de utiler\u00eda a&nbsp;Halyn Hutchin, directora de fotograf\u00eda de la pel\u00edcula \u00abRust\u00ab, e hiri\u00f3 tambi\u00e9n al director del film,&nbsp;Joel Souza, mientras rodaban en el estado norteamericano de Nuevo M\u00e9xico. Las autoridades estatales confirmaron que\u00a0el disparo se produjo por accidente,\u00a0al fallar la pistola de utiler\u00eda, y que la v\u00edctima, &hellip;<\/p>\n","protected":false},"author":2,"featured_media":42988,"comment_status":"open","ping_status":"open","sticky":false,"template":"","format":"standard","meta":{"_jetpack_memberships_contains_paid_content":false,"footnotes":"","jetpack_publicize_message":"","jetpack_publicize_feature_enabled":true,"jetpack_social_post_already_shared":true,"jetpack_social_options":{"image_generator_settings":{"template":"highway","default_image_id":0,"font":"","enabled":false},"version":2}},"categories":[17],"tags":[],"class_list":["post-42987","post","type-post","status-publish","format-standard","has-post-thumbnail","hentry","category-mundo"],"jetpack_publicize_connections":[],"jetpack_featured_media_url":"https:\/\/portalmovil.com.ar\/wp-content\/uploads\/2021\/10\/alec-baldwin-mata-768x463-1.jpg","jetpack_sharing_enabled":true,"amp_enabled":true,"_links":{"self":[{"href":"https:\/\/portalmovil.com.ar\/index.php\/wp-json\/wp\/v2\/posts\/42987","targetHints":{"allow":["GET"]}}],"collection":[{"href":"https:\/\/portalmovil.com.ar\/index.php\/wp-json\/wp\/v2\/posts"}],"about":[{"href":"https:\/\/portalmovil.com.ar\/index.php\/wp-json\/wp\/v2\/types\/post"}],"author":[{"embeddable":true,"href":"https:\/\/portalmovil.com.ar\/index.php\/wp-json\/wp\/v2\/users\/2"}],"replies":[{"embeddable":true,"href":"https:\/\/portalmovil.com.ar\/index.php\/wp-json\/wp\/v2\/comments?post=42987"}],"version-history":[{"count":1,"href":"https:\/\/portalmovil.com.ar\/index.php\/wp-json\/wp\/v2\/posts\/42987\/revisions"}],"predecessor-version":[{"id":42989,"href":"https:\/\/portalmovil.com.ar\/index.php\/wp-json\/wp\/v2\/posts\/42987\/revisions\/42989"}],"wp:featuredmedia":[{"embeddable":true,"href":"https:\/\/portalmovil.com.ar\/index.php\/wp-json\/wp\/v2\/media\/42988"}],"wp:attachment":[{"href":"https:\/\/portalmovil.com.ar\/index.php\/wp-json\/wp\/v2\/media?parent=42987"}],"wp:term":[{"taxonomy":"category","embeddable":true,"href":"https:\/\/portalmovil.com.ar\/index.php\/wp-json\/wp\/v2\/categories?post=42987"},{"taxonomy":"post_tag","embeddable":true,"href":"https:\/\/portalmovil.com.ar\/index.php\/wp-json\/wp\/v2\/tags?post=42987"}],"curies":[{"name":"wp","href":"https:\/\/api.w.org\/{rel}","templated":true}]}}