{"id":42955,"date":"2021-10-21T17:06:06","date_gmt":"2021-10-21T20:06:06","guid":{"rendered":"https:\/\/portalmovil.com.ar\/?p=42955"},"modified":"2021-10-21T20:03:42","modified_gmt":"2021-10-21T23:03:42","slug":"sergio-alila-sera-internado-en-un-centro-de-salud-mental","status":"publish","type":"post","link":"https:\/\/portalmovil.com.ar\/index.php\/2021\/10\/21\/sergio-alila-sera-internado-en-un-centro-de-salud-mental\/","title":{"rendered":"Sergio Alila ser\u00e1 internado en un centro de salud mental"},"content":{"rendered":"\n<p>Sergio Osvaldo Alila ser\u00e1 finalmente trasladado a un Centro de Salud Mental. La medida, dispuesta tras la determinaci\u00f3n de la Junta M\u00e9dica el pasado 8 de octubre sobre la \u00abinaptitud\u00bb de Alila para enfrentarse a un juicio, ser\u00e1 efectivizada en entre hoy y ma\u00f1ana, seg\u00fan afirm\u00f3 su abogado defensor Miguel Barcel\u00f3.<\/p>\n\n\n\n<p>Cabe recordar lo resuelto por la segunda Junta M\u00e9dica respecto de la salud mental del acusado, en ese momento, los profesionales convalidaron lo que hab\u00eda dicho la primera Junta M\u00e9dica que resolvi\u00f3 la internaci\u00f3n del imputado a ra\u00edz del trastorno que padece y continuar con un estricto tratamiento.<\/p>\n\n\n\n<p>Con ello sobrevino la posterior resoluci\u00f3n de la jueza de C\u00e1mara en lo Criminal,&nbsp;<strong>Natalia Kuray<\/strong>, que requiri\u00f3 al \u00d3rgano de Revisi\u00f3n de Salud Mental que se informe&nbsp;<strong>\u201ccon car\u00e1cter urgente\u201d los posibles centros de internaci\u00f3n con medidas de seguridad<\/strong>&nbsp;para que se lleve a cabo la recuperaci\u00f3n del imputado, teniendo en cuenta que se encuentra privado de su libertad.<\/p>\n\n\n\n<p>En tanto fue la fiscal&nbsp;<strong>Graciela Griffith Barreto<\/strong>&nbsp;quien aval\u00f3, el pasado 16 de octubre, lo ordenado por la jueza Kuray,&nbsp;<strong>\u201ca los efectos de resguardar el estado de salud del imputado, y compatibilizar, con la necesidad de asegurar el mantenimiento de la prisi\u00f3n preventiva,&nbsp; considero que deber\u00eda hacerse lugar a la internaci\u00f3n, pero en un Centro de Salud que cumpla con todos los requisitos en cuanto a las medidas de seguridad, solicitando que el Tribunal arbitre todo lo necesario para garantizar el estricto cumplimiento de la medida de coerci\u00f3n que pesa sobre el imputado\u201d.<\/strong><\/p>\n\n\n\n<p>Por su parte, la defensa del acusado,&nbsp;<strong>intent\u00f3 concederle a Alila el beneficio de la prisi\u00f3n domiciliaria a trav\u00e9s de un H\u00e1beas Corpus<\/strong>, fundamentando el&nbsp;<strong>\u201cnotable deterioro en el cuadro de salud f\u00edsica y mental\u201d<\/strong>, algo que&nbsp;finalmente fue rechazado por la jueza Kuray que resolvi\u00f3 la internaci\u00f3n de Alila en un establecimiento de salud mental&nbsp;con abordaje interdisciplinario e integral para lograr su estabilizaci\u00f3n.&nbsp;<\/p>\n\n\n\n<p>Sergio Alila est\u00e1 detenido por \u201csupuesto abuso sexual\u201d y por \u201cgrooming, privaci\u00f3n ileg\u00edtima de la libertad, corrupci\u00f3n de menores, abuso sexual con acceso carnal gravemente ultrajante, difamaci\u00f3n y amenazas\u201d y padece, seg\u00fan la \u00faltima Junta M\u00e9dica Trastorno de Ansiedad con s\u00edntomas Depresivos\u201d presentando \u201cexpresiones exaltadas e impulsiones no tramitadas que tender\u00edan a estallar en agresiones para s\u00ed o para terceros\u00bb.\u00a0<\/p>\n\n\n\n<p>Fuente: Diario Chaco<\/p>\n","protected":false},"excerpt":{"rendered":"<p>Sergio Osvaldo Alila ser\u00e1 finalmente trasladado a un Centro de Salud Mental. La medida, dispuesta tras la determinaci\u00f3n de la Junta M\u00e9dica el pasado 8 de octubre sobre la \u00abinaptitud\u00bb de Alila para enfrentarse a un juicio, ser\u00e1 efectivizada en entre hoy y ma\u00f1ana, seg\u00fan afirm\u00f3 su abogado defensor Miguel Barcel\u00f3. Cabe recordar lo resuelto &hellip;<\/p>\n","protected":false},"author":2,"featured_media":42956,"comment_status":"open","ping_status":"open","sticky":false,"template":"","format":"standard","meta":{"_jetpack_memberships_contains_paid_content":false,"footnotes":"","jetpack_publicize_message":"","jetpack_publicize_feature_enabled":true,"jetpack_social_post_already_shared":true,"jetpack_social_options":{"image_generator_settings":{"template":"highway","default_image_id":0,"font":"","enabled":false},"version":2}},"categories":[50,37],"tags":[],"class_list":["post-42955","post","type-post","status-publish","format-standard","has-post-thumbnail","hentry","category-judiciales","category-resistencia"],"jetpack_publicize_connections":[],"jetpack_featured_media_url":"https:\/\/portalmovil.com.ar\/wp-content\/uploads\/2021\/10\/image-2.jpg","jetpack_sharing_enabled":true,"amp_enabled":true,"_links":{"self":[{"href":"https:\/\/portalmovil.com.ar\/index.php\/wp-json\/wp\/v2\/posts\/42955","targetHints":{"allow":["GET"]}}],"collection":[{"href":"https:\/\/portalmovil.com.ar\/index.php\/wp-json\/wp\/v2\/posts"}],"about":[{"href":"https:\/\/portalmovil.com.ar\/index.php\/wp-json\/wp\/v2\/types\/post"}],"author":[{"embeddable":true,"href":"https:\/\/portalmovil.com.ar\/index.php\/wp-json\/wp\/v2\/users\/2"}],"replies":[{"embeddable":true,"href":"https:\/\/portalmovil.com.ar\/index.php\/wp-json\/wp\/v2\/comments?post=42955"}],"version-history":[{"count":2,"href":"https:\/\/portalmovil.com.ar\/index.php\/wp-json\/wp\/v2\/posts\/42955\/revisions"}],"predecessor-version":[{"id":42974,"href":"https:\/\/portalmovil.com.ar\/index.php\/wp-json\/wp\/v2\/posts\/42955\/revisions\/42974"}],"wp:featuredmedia":[{"embeddable":true,"href":"https:\/\/portalmovil.com.ar\/index.php\/wp-json\/wp\/v2\/media\/42956"}],"wp:attachment":[{"href":"https:\/\/portalmovil.com.ar\/index.php\/wp-json\/wp\/v2\/media?parent=42955"}],"wp:term":[{"taxonomy":"category","embeddable":true,"href":"https:\/\/portalmovil.com.ar\/index.php\/wp-json\/wp\/v2\/categories?post=42955"},{"taxonomy":"post_tag","embeddable":true,"href":"https:\/\/portalmovil.com.ar\/index.php\/wp-json\/wp\/v2\/tags?post=42955"}],"curies":[{"name":"wp","href":"https:\/\/api.w.org\/{rel}","templated":true}]}}