{"id":42806,"date":"2021-10-20T07:47:40","date_gmt":"2021-10-20T10:47:40","guid":{"rendered":"https:\/\/portalmovil.com.ar\/?p=42806"},"modified":"2021-10-20T07:47:43","modified_gmt":"2021-10-20T10:47:43","slug":"el-gobierno-congelo-los-precios-de-1432-productos","status":"publish","type":"post","link":"https:\/\/portalmovil.com.ar\/index.php\/2021\/10\/20\/el-gobierno-congelo-los-precios-de-1432-productos\/","title":{"rendered":"El Gobierno congel\u00f3 los precios de 1432 productos"},"content":{"rendered":"\n<p>El gobierno publicar\u00e1 este mi\u00e9rcoles en el Bolet\u00edn Oficial una resoluci\u00f3n a trav\u00e9s de la cual&nbsp;<strong>se retrotraen al 1 de octubre y se congelan hasta el 7 de enero pr\u00f3ximo los precios de unos 1.430 productos de consumo masivo<\/strong>, mientras&nbsp;<strong>contin\u00faan las reuniones con empresarios<\/strong>&nbsp;del sector para ampliar el listado de art\u00edculos, inform\u00f3 hoy el secretario de Comercio Interior, Roberto Feletti.<br><br>En un comunicado, la Secretar\u00eda de Comercio Interior estableci\u00f3 la \u00abfijaci\u00f3n temporal de precios m\u00e1ximos de venta al consumidor para todos los productores, comercializadores y distribuidores\u00bb de&nbsp;<strong>1.432 productos de consumo masivo en todo el territorio nacional<\/strong>.<br><br>La decisi\u00f3n fue tomada en el marco de la<strong>&nbsp;ronda de negociaciones impulsada por la Secretar\u00eda con todos los actores<\/strong>&nbsp;que integran la cadena de producci\u00f3n y comercializaci\u00f3n de los diversos rubros que conforman la canasta anunciada.<br><br>El parte oficial se\u00f1al\u00f3 que \u00aben los encuentros mantenidos, los funcionarios subrayaron que el crecimiento econ\u00f3mico proyectado para este a\u00f1o,&nbsp;<strong>sumado al aumento de la circulaci\u00f3n producto del inicio de la pospandemia<\/strong>, el hecho de que el \u00faltimo trimestre es estacionalmente el de mayor consumo y&nbsp;el potencial de incremento que a\u00fan tiene la capacidad instalada en la industria, conforman un conjunto de condiciones que habilitar\u00e1n un aumento de las ventas\u00bb.<br><br>La cartera de Comercio Interior destac\u00f3 que \u00abla medida de retrotraer los precios de los productos en cuesti\u00f3n al 1 de octubre pasado y de mantenerlos vigentes hasta el 7 de enero de<strong>&nbsp;2022 fue consensuada por un amplio porcentaje de los representantes de las empresas participantes<\/strong>&nbsp;(tanto productoras como comercializadoras), que as\u00ed lo hicieron saber a las autoridades de la Secretar\u00eda\u00bb.<br><br>\u00abEl objetivo de la resoluci\u00f3n es garantizar la competencia equitativa en todo el universo de las empresas que formaron parte del di\u00e1logo, evitando conceder privilegios al grupo minoritario que decidi\u00f3 oponerse al acuerdo\u00bb, expres\u00f3 el comunicado.<br><br>\u00abA partir de ahora est\u00e1 vigente una resoluci\u00f3n que se conocer\u00e1 ma\u00f1ana en el Bolet\u00edn Oficial que contiene casi 1.500 productos en todo el pa\u00eds con los precios al 1 de octubre y que es de obligatorio cumplimientos para todas las cadenas productoras y comercializadoras\u00bb, hab\u00eda dicho horas antes Feletti, en un contacto con la prensa.<br><br>El parte oficial agreg\u00f3 que \u00abla lista acordada comprende un diverso espectro de 1.432 art\u00edculos, que incluye&nbsp;<strong>tanto primeras marcas como productos de peque\u00f1as y medianas empresas<\/strong>. Por otra parte, la resoluci\u00f3n garantiza que en las 23 provincias y en la Ciudad Aut\u00f3noma de Buenos Aires, la canasta contendr\u00e1 necesariamente los siguientes rubros: Almac\u00e9n, Limpieza e Higiene y Cuidado Personal\u00bb.<\/p>\n\n\n\n<h2 class=\"wp-block-heading\"><br><strong>Sin acuerdo<\/strong><\/h2>\n\n\n\n<p><br><br>La resoluci\u00f3n tiene lugar luego de una serie de reuniones mantenidas con titulares de distintas empresas y presidentes de distintas entidades productoras y comercializadoras de alimentos, entre ellas el titular de la&nbsp;<strong>Coordinadora de las Industrias de Productos Alimenticios de Argentina (Copal), Daniel Funes de Rioja<\/strong>.<br><br>La Copal emiti\u00f3 este martes un comunicado en el ratific\u00f3 su \u00abvoluntad de colaboraci\u00f3n y di\u00e1logo para el acuerdo\u00bb. Sin embargo, advirti\u00f3 que \u00aben&nbsp;<strong>la convocatoria recibida no est\u00e1n garantizadas las condiciones para conciliar las posibilidades de los sectores frente al pedido de estabilizaci\u00f3n de precios<\/strong>\u00ab.<br><br>\u00abA pesar del esfuerzo realizado por las empresas en enviar sus propuestas de participaci\u00f3n, l<strong>as mismas no fueron tenidas en cuenta<\/strong>, as\u00ed como tampoco fue considerado el pedido de generar un espacio de intercambio en lo inmediato, que permita clarificar las realidades y posibilidades&nbsp;de los distintos sectores y encontrar en conjunto un acuerdo sostenible\u00bb, dijeron desde la Copal.<\/p>\n","protected":false},"excerpt":{"rendered":"<p>El gobierno publicar\u00e1 este mi\u00e9rcoles en el Bolet\u00edn Oficial una resoluci\u00f3n a trav\u00e9s de la cual&nbsp;se retrotraen al 1 de octubre y se congelan hasta el 7 de enero pr\u00f3ximo los precios de unos 1.430 productos de consumo masivo, mientras&nbsp;contin\u00faan las reuniones con empresarios&nbsp;del sector para ampliar el listado de art\u00edculos, inform\u00f3 hoy el secretario &hellip;<\/p>\n","protected":false},"author":2,"featured_media":42807,"comment_status":"open","ping_status":"open","sticky":false,"template":"","format":"standard","meta":{"_jetpack_memberships_contains_paid_content":false,"footnotes":"","jetpack_publicize_message":"","jetpack_publicize_feature_enabled":true,"jetpack_social_post_already_shared":true,"jetpack_social_options":{"image_generator_settings":{"template":"highway","default_image_id":0,"font":"","enabled":false},"version":2}},"categories":[639,175,12],"tags":[],"class_list":["post-42806","post","type-post","status-publish","format-standard","has-post-thumbnail","hentry","category-argentina","category-economia","category-ultimo"],"jetpack_publicize_connections":[],"jetpack_featured_media_url":"https:\/\/portalmovil.com.ar\/wp-content\/uploads\/2021\/10\/tmb1_anuncio-manana-se-renovara-programa-precios-cuidados-901215-211221.jpg","jetpack_sharing_enabled":true,"amp_enabled":true,"_links":{"self":[{"href":"https:\/\/portalmovil.com.ar\/index.php\/wp-json\/wp\/v2\/posts\/42806","targetHints":{"allow":["GET"]}}],"collection":[{"href":"https:\/\/portalmovil.com.ar\/index.php\/wp-json\/wp\/v2\/posts"}],"about":[{"href":"https:\/\/portalmovil.com.ar\/index.php\/wp-json\/wp\/v2\/types\/post"}],"author":[{"embeddable":true,"href":"https:\/\/portalmovil.com.ar\/index.php\/wp-json\/wp\/v2\/users\/2"}],"replies":[{"embeddable":true,"href":"https:\/\/portalmovil.com.ar\/index.php\/wp-json\/wp\/v2\/comments?post=42806"}],"version-history":[{"count":1,"href":"https:\/\/portalmovil.com.ar\/index.php\/wp-json\/wp\/v2\/posts\/42806\/revisions"}],"predecessor-version":[{"id":42808,"href":"https:\/\/portalmovil.com.ar\/index.php\/wp-json\/wp\/v2\/posts\/42806\/revisions\/42808"}],"wp:featuredmedia":[{"embeddable":true,"href":"https:\/\/portalmovil.com.ar\/index.php\/wp-json\/wp\/v2\/media\/42807"}],"wp:attachment":[{"href":"https:\/\/portalmovil.com.ar\/index.php\/wp-json\/wp\/v2\/media?parent=42806"}],"wp:term":[{"taxonomy":"category","embeddable":true,"href":"https:\/\/portalmovil.com.ar\/index.php\/wp-json\/wp\/v2\/categories?post=42806"},{"taxonomy":"post_tag","embeddable":true,"href":"https:\/\/portalmovil.com.ar\/index.php\/wp-json\/wp\/v2\/tags?post=42806"}],"curies":[{"name":"wp","href":"https:\/\/api.w.org\/{rel}","templated":true}]}}