{"id":42275,"date":"2021-10-13T10:32:08","date_gmt":"2021-10-13T13:32:08","guid":{"rendered":"https:\/\/portalmovil.com.ar\/?p=42275"},"modified":"2021-10-13T10:32:10","modified_gmt":"2021-10-13T13:32:10","slug":"se-habilitaron-6-cuadras-de-pavimento-en-margarita-belen","status":"publish","type":"post","link":"https:\/\/portalmovil.com.ar\/index.php\/2021\/10\/13\/se-habilitaron-6-cuadras-de-pavimento-en-margarita-belen\/","title":{"rendered":"Se habilitaron 6 cuadras de pavimento en Margarita Bel\u00e9n"},"content":{"rendered":"\n<p><strong>En Margarita Bel\u00e9n, el gobernador Jorge Capitanich inaugur\u00f3 este martes seis cuadras de pavimento urbano y su correspondiente iluminaci\u00f3n LED,<\/strong>&nbsp;trabajos que se enmarcan en un paquete de 25 cuadras en total, que beneficiar\u00e1n a la localidad.<\/p>\n\n\n\n<p><strong>\u201cInvertir en pavimento urbano es invertir en seguridad. Es lograr que un patrullero o una ambulancia puedan circular y salvar vidas, garantizar que alumnos y docentes puedan concurrir a las escuelas. Significa la posibilidad de nuevos emprendimientos e inversiones, y mejora las oportunidades de desarrollo de cada comunidad\u201d,<\/strong>&nbsp;valor\u00f3 Capitanich durante su discurso.<\/p>\n\n\n\n<p><strong>Con una inversi\u00f3n de $64.029.870, la obra consta de un tramo recto de 600 metros de pavimento urbano con sus correspondientes cordones e iluminaci\u00f3n LED, cubriendo una superficie total de 7.675 metros cuadrados.<\/strong>&nbsp;Tuvo un plazo de ejecuci\u00f3n de un mes y fue realizada con financiamiento del Ministerio de Planificaci\u00f3n, Econom\u00eda e Infraestructura.<\/p>\n\n\n\n<p><strong>Esta nueva entrega de pavimento forma parte de un proyecto que contempla 25 cuadras en total para la localidad, de las cuales 10 ya fueron inauguradas, y se est\u00e1 trabajando en otro tramo de 400 metros a habilitar en el corto plazo.<\/strong><\/p>\n\n\n\n<p>Siguiendo esta l\u00ednea, el mandatario enumer\u00f3 distintas obras que se est\u00e1n llevando a cabo en Margarita Bel\u00e9n, como as\u00ed tambi\u00e9n el apoyo a dos emprendimientos clave: la radicaci\u00f3n de una planta de ox\u00edgeno y la reactivaci\u00f3n del frigor\u00edfico local. \u201cAmbos emprendimientos significan empleo formal, inversi\u00f3n directa y reactivaci\u00f3n econ\u00f3mica para todos, y es un modelo que lo estamos replicando en cada municipio de la provincia\u201d, afirm\u00f3.<\/p>\n","protected":false},"excerpt":{"rendered":"<p>En Margarita Bel\u00e9n, el gobernador Jorge Capitanich inaugur\u00f3 este martes seis cuadras de pavimento urbano y su correspondiente iluminaci\u00f3n LED,&nbsp;trabajos que se enmarcan en un paquete de 25 cuadras en total, que beneficiar\u00e1n a la localidad. \u201cInvertir en pavimento urbano es invertir en seguridad. Es lograr que un patrullero o una ambulancia puedan circular y &hellip;<\/p>\n","protected":false},"author":2,"featured_media":42276,"comment_status":"open","ping_status":"open","sticky":false,"template":"","format":"standard","meta":{"_jetpack_memberships_contains_paid_content":false,"footnotes":"","jetpack_publicize_message":"","jetpack_publicize_feature_enabled":true,"jetpack_social_post_already_shared":true,"jetpack_social_options":{"image_generator_settings":{"template":"highway","default_image_id":0,"font":"","enabled":false},"version":2}},"categories":[5,14],"tags":[],"class_list":["post-42275","post","type-post","status-publish","format-standard","has-post-thumbnail","hentry","category-chaco","category-politica"],"jetpack_publicize_connections":[],"jetpack_featured_media_url":"https:\/\/portalmovil.com.ar\/wp-content\/uploads\/2021\/10\/245086566_4996137287067756_3824063849538769944_n.jpg","jetpack_sharing_enabled":true,"amp_enabled":true,"_links":{"self":[{"href":"https:\/\/portalmovil.com.ar\/index.php\/wp-json\/wp\/v2\/posts\/42275","targetHints":{"allow":["GET"]}}],"collection":[{"href":"https:\/\/portalmovil.com.ar\/index.php\/wp-json\/wp\/v2\/posts"}],"about":[{"href":"https:\/\/portalmovil.com.ar\/index.php\/wp-json\/wp\/v2\/types\/post"}],"author":[{"embeddable":true,"href":"https:\/\/portalmovil.com.ar\/index.php\/wp-json\/wp\/v2\/users\/2"}],"replies":[{"embeddable":true,"href":"https:\/\/portalmovil.com.ar\/index.php\/wp-json\/wp\/v2\/comments?post=42275"}],"version-history":[{"count":1,"href":"https:\/\/portalmovil.com.ar\/index.php\/wp-json\/wp\/v2\/posts\/42275\/revisions"}],"predecessor-version":[{"id":42277,"href":"https:\/\/portalmovil.com.ar\/index.php\/wp-json\/wp\/v2\/posts\/42275\/revisions\/42277"}],"wp:featuredmedia":[{"embeddable":true,"href":"https:\/\/portalmovil.com.ar\/index.php\/wp-json\/wp\/v2\/media\/42276"}],"wp:attachment":[{"href":"https:\/\/portalmovil.com.ar\/index.php\/wp-json\/wp\/v2\/media?parent=42275"}],"wp:term":[{"taxonomy":"category","embeddable":true,"href":"https:\/\/portalmovil.com.ar\/index.php\/wp-json\/wp\/v2\/categories?post=42275"},{"taxonomy":"post_tag","embeddable":true,"href":"https:\/\/portalmovil.com.ar\/index.php\/wp-json\/wp\/v2\/tags?post=42275"}],"curies":[{"name":"wp","href":"https:\/\/api.w.org\/{rel}","templated":true}]}}