{"id":42218,"date":"2021-10-12T20:16:02","date_gmt":"2021-10-12T23:16:02","guid":{"rendered":"https:\/\/portalmovil.com.ar\/?p=42218"},"modified":"2021-10-12T20:16:05","modified_gmt":"2021-10-12T23:16:05","slug":"oficializan-la-ampliacion-de-exportaciones-de-carne-de-vaca-conserva-a-china","status":"publish","type":"post","link":"https:\/\/portalmovil.com.ar\/index.php\/2021\/10\/12\/oficializan-la-ampliacion-de-exportaciones-de-carne-de-vaca-conserva-a-china\/","title":{"rendered":"Oficializan la ampliaci\u00f3n de exportaciones de carne de vaca conserva a China"},"content":{"rendered":"\n<p>Desde el Poder Ejecutivo afirmaron que \u00abel objeto es estimular un adecuado ambiente de negocio para todos los actores de la cadena productiva\u00bb, como resultado de la modificaci\u00f3n de los decretos para poder exportar vacas de categor\u00eda E Y D.<\/p>\n\n\n\n<p>El Gobierno nacional oficializ\u00f3 hoy la ampliaci\u00f3n de las exportaciones de carne de vaca conserva (categor\u00eda D y E) a China, por un stock equivalente a 140.000 animales con posibilidad de ir faena, junto con la definici\u00f3n del sistema de cupos que otorgar\u00e1n a las empresas exportadoras.<\/p>\n\n\n\n<p>De esta manera, el Ministerio de Agricultura, Ganader\u00eda y Pesca dio forma al acuerdo alcanzado con gobernadores de provincias ganaderas y las entidades integrantes de la Mesa de Enlace dos semanas atr\u00e1s, cuando se realizaron los anuncios.<\/p>\n\n\n\n<p>Tanto\u00a0el decreto 700\/2021 como la resoluci\u00f3n reglamentaria 219\/2021\u00a0del Ministerio de Agricultura se publicaron este martes en el Bolet\u00edn Oficial, con lo cual el Gobierno\u00a0<strong>cumpli\u00f3 el compromiso asumido de exportar 140.000 vacas categor\u00eda E y D con destino a China.<\/strong><\/p>\n\n\n\n<p>Entre los considerandos de la resoluci\u00f3n, el Poder Ejecutivo entiende que la situaci\u00f3n actual del mercado de ganado de carne bovina requiere incrementar producci\u00f3n y comercializaci\u00f3n a trav\u00e9s de la mejora de las existencias ganaderas, aumentando el peso promedio de faena, permitiendo sostener el abastecimiento del mercado interno e incrementando paulatinamente los saldos exportables.<\/p>\n\n\n\n<p>Por eso, \u00abresulta necesario modificar diversos art\u00edculos del Decreto 408 y su modificatorio, para permitir que la actividad de dicho sector se realice de manera predecible, constante y progresiva, con el objeto de estimular un adecuado ambiente de negocio para todos los actores de la cadena productiva, desde el criador hasta el frigor\u00edfico\u00bb, seg\u00fan argumenta el texto.<\/p>\n\n\n\n<p>As\u00ed, esta ampliaci\u00f3n de los env\u00edos a China, que en la actualidad absorbe el 75,9% del total de los despachos del pa\u00eds, se sumar\u00e1n a las 289.033 toneladas peso producto que se exportaron hasta agosto al gigante asi\u00e1tico.<\/p>\n\n\n\n<blockquote class=\"wp-block-quote quote-solid is-layout-flow wp-block-quote quote-solid-is-layout-flow\"><p>La resoluci\u00f3n publicada otorga hasta 100 toneladas mensuales de exportaci\u00f3n por empresa que tenga establecimiento faenador y hasta 50 toneladas mensuales por empresa que tenga establecimiento procesador, de carne vacuna para exportaci\u00f3n de vaca conserva D y E<\/p><\/blockquote>\n\n\n\n<p>En este sentido, Dom\u00ednguez record\u00f3 hoy, en di\u00e1logo con el Canal 9 Litoral de Entre R\u00edos, que cuando asumi\u00f3, el presidente Alberto Fern\u00e1ndez le pidi\u00f3 que \u00absalga al di\u00e1logo con todos los sectores donde hab\u00eda inconvenientes\u00bb.<\/p>\n\n\n\n<p>En ese marco, rese\u00f1\u00f3 que se reuni\u00f3 con diferentes gobernadores y la Mesa de Enlace para \u00abtrabajar sobre el problema de vaca vieja, conserva, o vaca categor\u00eda E y D\u00bb y por eso \u00abayer se resolvi\u00f3 la apertura de su exportaci\u00f3n a China, mercado estrat\u00e9gico para los productos argentinos\u00bb.<\/p>\n\n\n\n<p>El ministro subray\u00f3 que el mercado externo \u00abnunca estuvo cerrado\u00bb para la carne argentina, que 2020 \u00abfue el a\u00f1o de mayor exportaci\u00f3n de la historia\u00bb y que 2021 \u00abva a ser el segundo hist\u00f3rico y con r\u00e9cord\u00bb.<\/p>\n\n\n\n<figure class=\"wp-block-image size-full\"><img loading=\"lazy\" decoding=\"async\" width=\"1004\" height=\"566\" src=\"https:\/\/portalmovil.com.ar\/wp-content\/uploads\/2021\/10\/5f61e99f3c9e1_1004x566.jpg\" alt=\"\" class=\"wp-image-42219\" srcset=\"https:\/\/portalmovil.com.ar\/wp-content\/uploads\/2021\/10\/5f61e99f3c9e1_1004x566.jpg 1004w, https:\/\/portalmovil.com.ar\/wp-content\/uploads\/2021\/10\/5f61e99f3c9e1_1004x566-300x169.jpg 300w, https:\/\/portalmovil.com.ar\/wp-content\/uploads\/2021\/10\/5f61e99f3c9e1_1004x566-768x433.jpg 768w\" sizes=\"auto, (max-width: 1004px) 100vw, 1004px\" \/><\/figure>\n\n\n\n<p>M\u00e1s all\u00e1 de la l\u00edmites impuestos a la exportaci\u00f3n de carne vacuna -que comprendieron un tope equivalente al 50% del volumen exportado el a\u00f1o pasado, de los que ahora queda exceptuada la carne de categor\u00eda a D y E-, as\u00ed como la imposibilidad de embarcar 7 cortes populares, los despachos concretados en agosto se ubicaron apenas 0,2% por debajo de lo registrado 2020.<\/p>\n\n\n\n<p>La resoluci\u00f3n publicada otorga hasta 100 toneladas mensuales de exportaci\u00f3n por empresa que tenga establecimiento faenador y hasta 50 toneladas mensuales por empresa que tenga establecimiento procesador, de carne vacuna para exportaci\u00f3n de vaca conserva D y E.<\/p>\n\n\n\n<p>Esta asignaci\u00f3n se realizar\u00e1 hasta alcanzar la faena de un total de 140.000 cabezas de esta categor\u00eda, detall\u00f3 la resoluci\u00f3n.<\/p>\n\n\n\n<p>Al respecto, la Mesa de Enlace, integrada por la Sociedad Rural (SRA), Confederaciones Rurales (CRA), Federaci\u00f3n Agraria (FAA) y Coninagro, calific\u00f3 esta tarde como un \u00abun paso adelante en b\u00fasqueda del escenario ideal basado en la libertad comercial y exportadora\u00bb.<\/p>\n\n\n\n<p>Para la Mesa de Enlace, el ideal \u00abbasado en la libertad comercial y exportadora\u00bb es la \u00ab\u00fanica forma de tener rentabilidad en la ganader\u00eda para poder dinamizar la cadena y generar mayor oferta de carne en la mesa de los argentinos\u00bb y valor\u00f3 que \u00abel Gobierno nacional haya o\u00eddo el reclamo\u00bb.<\/p>\n\n\n\n<p>Por otro lado, el Ministerio de Agricultura, Ganader\u00eda y Pesca defendi\u00f3 hoy su decisi\u00f3n de \u00abpriorizar las Declaraciones Juradas de Ventas al Exterior (DJVE) fehacientemente respaldadas por compras f\u00edsicas y con barcos nominados con fecha cierta\u00bb de ma\u00edz, tras la queja de ciertos sectores del \u00e1mbito productivo que consideraron a esta iniciativa como \u00abintervencionista\u00bb.<\/p>\n\n\n\n<p>Durante el fin de semana, la Subsecretar\u00eda de Mercados Agropecuarios inform\u00f3 a las empresas exportadoras que tras haberse cumplido el saldo exportable de 38,5 millones de toneladas del cereal \u00absolo se aceptar\u00e1n para su registro DJVE dentro del r\u00e9gimen especial denominado DJVE-30\u00bb.<\/p>\n\n\n\n<p>En este sentido, la cartera agropecuaria sostuvo en un comunicado que \u00abno existe limitaci\u00f3n ni cepo a la exportaci\u00f3n de ma\u00edz, cuando la Argentina alcanz\u00f3 un r\u00e9cord de exportaci\u00f3n. El productor rural tiene que tener la plena certeza de que es la base de esta cadena de valor y que en ning\u00fan momento se actuar\u00e1 con alguna medida que lo perjudique\u00bb.<\/p>\n\n\n\n<p>En la misma l\u00ednea, Dom\u00ednguez pidi\u00f3 \u00abdejar de hablar de falta de previsibilidad\u00bb en las exportaciones de ma\u00edz, porque eso \u00abes confundir y perjudicar al productor, baj\u00e1ndole el precio al grano\u00bb.<\/p>\n\n\n\n<p>En ese sentido, precis\u00f3 que \u00abel \u00fanico requisito\u00bb que pide el Gobierno nacional es \u00abque cada declaraci\u00f3n jurada est\u00e9 respaldada por su compra f\u00edsica con fecha cierta de arribo\u00bb, ya que \u00abhay m\u00e1s de 7 millones de toneladas compradas en el mercado producto de una especulaci\u00f3n\u00bb.<\/p>\n\n\n\n<p>Al respecto, la Mesa de Enlace indic\u00f3 que la medida \u00abgenera confusi\u00f3n y desconfianza en toda la cadena\u00bb y que \u00abburocratizar a\u00fan m\u00e1s el r\u00e9gimen de exportaciones y desalentar la producci\u00f3n son malas se\u00f1ales\u00bb.<\/p>\n","protected":false},"excerpt":{"rendered":"<p>Desde el Poder Ejecutivo afirmaron que \u00abel objeto es estimular un adecuado ambiente de negocio para todos los actores de la cadena productiva\u00bb, como resultado de la modificaci\u00f3n de los decretos para poder exportar vacas de categor\u00eda E Y D.<\/p>\n","protected":false},"author":2,"featured_media":42219,"comment_status":"open","ping_status":"open","sticky":false,"template":"","format":"standard","meta":{"_jetpack_memberships_contains_paid_content":false,"footnotes":"","jetpack_publicize_message":"","jetpack_publicize_feature_enabled":true,"jetpack_social_post_already_shared":true,"jetpack_social_options":{"image_generator_settings":{"template":"highway","default_image_id":0,"font":"","enabled":false},"version":2}},"categories":[175],"tags":[],"class_list":["post-42218","post","type-post","status-publish","format-standard","has-post-thumbnail","hentry","category-economia"],"jetpack_publicize_connections":[],"jetpack_featured_media_url":"https:\/\/portalmovil.com.ar\/wp-content\/uploads\/2021\/10\/5f61e99f3c9e1_1004x566.jpg","jetpack_sharing_enabled":true,"amp_enabled":true,"_links":{"self":[{"href":"https:\/\/portalmovil.com.ar\/index.php\/wp-json\/wp\/v2\/posts\/42218","targetHints":{"allow":["GET"]}}],"collection":[{"href":"https:\/\/portalmovil.com.ar\/index.php\/wp-json\/wp\/v2\/posts"}],"about":[{"href":"https:\/\/portalmovil.com.ar\/index.php\/wp-json\/wp\/v2\/types\/post"}],"author":[{"embeddable":true,"href":"https:\/\/portalmovil.com.ar\/index.php\/wp-json\/wp\/v2\/users\/2"}],"replies":[{"embeddable":true,"href":"https:\/\/portalmovil.com.ar\/index.php\/wp-json\/wp\/v2\/comments?post=42218"}],"version-history":[{"count":1,"href":"https:\/\/portalmovil.com.ar\/index.php\/wp-json\/wp\/v2\/posts\/42218\/revisions"}],"predecessor-version":[{"id":42220,"href":"https:\/\/portalmovil.com.ar\/index.php\/wp-json\/wp\/v2\/posts\/42218\/revisions\/42220"}],"wp:featuredmedia":[{"embeddable":true,"href":"https:\/\/portalmovil.com.ar\/index.php\/wp-json\/wp\/v2\/media\/42219"}],"wp:attachment":[{"href":"https:\/\/portalmovil.com.ar\/index.php\/wp-json\/wp\/v2\/media?parent=42218"}],"wp:term":[{"taxonomy":"category","embeddable":true,"href":"https:\/\/portalmovil.com.ar\/index.php\/wp-json\/wp\/v2\/categories?post=42218"},{"taxonomy":"post_tag","embeddable":true,"href":"https:\/\/portalmovil.com.ar\/index.php\/wp-json\/wp\/v2\/tags?post=42218"}],"curies":[{"name":"wp","href":"https:\/\/api.w.org\/{rel}","templated":true}]}}