{"id":42034,"date":"2021-10-11T11:32:56","date_gmt":"2021-10-11T14:32:56","guid":{"rendered":"https:\/\/portalmovil.com.ar\/?p=42034"},"modified":"2021-10-11T19:21:42","modified_gmt":"2021-10-11T22:21:42","slug":"la-rae-una-vez-mas-contra-el-lenguaje-inclusivo-con-e","status":"publish","type":"post","link":"https:\/\/portalmovil.com.ar\/index.php\/2021\/10\/11\/la-rae-una-vez-mas-contra-el-lenguaje-inclusivo-con-e\/","title":{"rendered":"La RAE, una vez m\u00e1s contra el lenguaje inclusivo con \u00abe\u00bb"},"content":{"rendered":"\n<p>El lenguaje inclusivo se ha ganado el derecho al debate. En los \u00faltimos a\u00f1os se adue\u00f1\u00f3 de un espacio entre las nuevas generaciones, pero una y otra vez recibi\u00f3 el rechazo de la Real Academia Espa\u00f1ola (RAE), que volvi\u00f3 a sentar su opini\u00f3n desfavorable ante una nueva consulta de un usuario curioso.<\/p>\n\n\n\n<p>\u201cLo que com\u00fanmente se ha dado en llamar \u00b4lenguaje inclusivo\u00b4 es un conjunto de estrategias que tienen por objeto evitar el uso gen\u00e9rico del masculino gramatical, mecanismo firmemente asentado en la lengua y que no supone discriminaci\u00f3n sexista alguna\u201d, sent\u00f3 posici\u00f3n en Twitter la RAE, un organismo que fija las reglas normativas para el idioma espa\u00f1ol en coordinaci\u00f3n con las restantes 21 academias nacionales.<\/p>\n\n\n\n<p>La posici\u00f3n de la RAE se fij\u00f3 en respuesta de una consulta, cargada de iron\u00eda, de un usuario en Twitter identificado como Claudio Ruiz. El mensaje del 6 de octubre dec\u00eda: \u201cHola @RAEinforma tengo una duda. Este famoso lenguaje inclusivo \u00bfes una jerigonza o un galimat\u00edas\u201d<\/p>\n\n\n\n<p>No es la primera vez que la RAE rechaza al lenguaje inclusivo<\/p>\n\n\n\n<p>Pero m\u00e1s all\u00e1 de este pronunciamiento, no es la primera vez que la Real Academia Espa\u00f1ola rechaza el uso del lenguaje inclusivo.<\/p>\n\n\n\n<p>El 9 de junio pasado, consider\u00f3 que su uso \u201ccomplejiza la lengua tanto como su ense\u00f1anza\u201d y afirm\u00f3 que \u201cno contribuye a se\u00f1alar la igualdad de los sexos sino que, por el contrario, sugiere la existencia de una rivalidad y no de un encuentro fundamental y profundo entre ambos\u201d.<\/p>\n\n\n\n<p>Sin embargo, el uso del lenguaje inclusivo gan\u00f3 espacio en distintas universidades argentinas, que aceptaron el lenguaje inclusivo en los \u00faltimos a\u00f1os, como la Universidad de C\u00f3rdoba o la Facultad de Ciencias Sociales de la UBA.<\/p>\n\n\n\n<p>M\u00e1s rechazos de la Real Academia Espa\u00f1ola<\/p>\n\n\n\n<p>En diciembre del a\u00f1o pasado, ante otra consulta de un usuario en Twitter, la RAE hab\u00eda rechazado tambi\u00e9n este tipo de lenguaje.<\/p>\n\n\n\n<p>\u201cEl uso de la letra \u2018e\u2019 como supuesta marca de g\u00e9nero inclusivo es ajeno a la morfolog\u00eda del espa\u00f1ol, adem\u00e1s de innecesario, pues el masculino gramatical (\u2018chicos\u2019) ya cumple esa funci\u00f3n como t\u00e9rmino no marcado de la oposici\u00f3n de g\u00e9nero\u201d, escribi\u00f3 la cuenta oficial de la instituci\u00f3n el 14 de diciembre pasado.<\/p>\n","protected":false},"excerpt":{"rendered":"<p>El lenguaje inclusivo se ha ganado el derecho al debate. En los \u00faltimos a\u00f1os se adue\u00f1\u00f3 de un espacio entre las nuevas generaciones, pero una y otra vez recibi\u00f3 el rechazo de la Real Academia Espa\u00f1ola (RAE), que volvi\u00f3 a sentar su opini\u00f3n desfavorable ante una nueva consulta de un usuario curioso. \u201cLo que com\u00fanmente &hellip;<\/p>\n","protected":false},"author":2,"featured_media":42083,"comment_status":"open","ping_status":"open","sticky":false,"template":"","format":"standard","meta":{"_jetpack_memberships_contains_paid_content":false,"footnotes":"","jetpack_publicize_message":"","jetpack_publicize_feature_enabled":true,"jetpack_social_post_already_shared":true,"jetpack_social_options":{"image_generator_settings":{"template":"highway","default_image_id":0,"font":"","enabled":false},"version":2}},"categories":[28],"tags":[],"class_list":["post-42034","post","type-post","status-publish","format-standard","has-post-thumbnail","hentry","category-actualidad"],"jetpack_publicize_connections":[],"jetpack_featured_media_url":"https:\/\/portalmovil.com.ar\/wp-content\/uploads\/2021\/10\/lenguajeinclu-500x331-1.jpg","jetpack_sharing_enabled":true,"amp_enabled":true,"_links":{"self":[{"href":"https:\/\/portalmovil.com.ar\/index.php\/wp-json\/wp\/v2\/posts\/42034","targetHints":{"allow":["GET"]}}],"collection":[{"href":"https:\/\/portalmovil.com.ar\/index.php\/wp-json\/wp\/v2\/posts"}],"about":[{"href":"https:\/\/portalmovil.com.ar\/index.php\/wp-json\/wp\/v2\/types\/post"}],"author":[{"embeddable":true,"href":"https:\/\/portalmovil.com.ar\/index.php\/wp-json\/wp\/v2\/users\/2"}],"replies":[{"embeddable":true,"href":"https:\/\/portalmovil.com.ar\/index.php\/wp-json\/wp\/v2\/comments?post=42034"}],"version-history":[{"count":1,"href":"https:\/\/portalmovil.com.ar\/index.php\/wp-json\/wp\/v2\/posts\/42034\/revisions"}],"predecessor-version":[{"id":42036,"href":"https:\/\/portalmovil.com.ar\/index.php\/wp-json\/wp\/v2\/posts\/42034\/revisions\/42036"}],"wp:featuredmedia":[{"embeddable":true,"href":"https:\/\/portalmovil.com.ar\/index.php\/wp-json\/wp\/v2\/media\/42083"}],"wp:attachment":[{"href":"https:\/\/portalmovil.com.ar\/index.php\/wp-json\/wp\/v2\/media?parent=42034"}],"wp:term":[{"taxonomy":"category","embeddable":true,"href":"https:\/\/portalmovil.com.ar\/index.php\/wp-json\/wp\/v2\/categories?post=42034"},{"taxonomy":"post_tag","embeddable":true,"href":"https:\/\/portalmovil.com.ar\/index.php\/wp-json\/wp\/v2\/tags?post=42034"}],"curies":[{"name":"wp","href":"https:\/\/api.w.org\/{rel}","templated":true}]}}