{"id":42026,"date":"2021-10-11T10:59:28","date_gmt":"2021-10-11T13:59:28","guid":{"rendered":"https:\/\/portalmovil.com.ar\/?p=42026"},"modified":"2021-10-11T10:59:31","modified_gmt":"2021-10-11T13:59:31","slug":"vizzotti-estimo-que-para-fin-de-ano-estaran-vacunados-con-dos-dosis-todos-los-mayores-a-3-anos","status":"publish","type":"post","link":"https:\/\/portalmovil.com.ar\/index.php\/2021\/10\/11\/vizzotti-estimo-que-para-fin-de-ano-estaran-vacunados-con-dos-dosis-todos-los-mayores-a-3-anos\/","title":{"rendered":"Vizzotti estim\u00f3 que para fin de a\u00f1o estar\u00e1n vacunados con dos dosis todos los mayores a 3 a\u00f1os"},"content":{"rendered":"\n<p>Carla Vizzotti, ministra de Salud de la Naci\u00f3n, destac\u00f3 el domingo el avance de la vacunaci\u00f3n en ni\u00f1os y adolescentes y confi\u00f3 en que \u201cantes de fin de a\u00f1o todas las personas mayores de 3 a\u00f1os de la Argentina\u201d podr\u00edan \u201chaber iniciado y completado su esquema\u201d.<\/p>\n\n\n\n<p>La funcionaria resalt\u00f3 que en el pa\u00eds casi el 90% de los mayores de edad ha recibido al menos la primera dosis contra el coronavirus y m\u00e1s del 65 ya tiene las dos aplicaciones, por lo que en muchas provincias ya hay libre acceso a los inoculantes.<\/p>\n\n\n\n<p>\u201cEstamos trabajando para que durante octubre la gran mayor\u00eda de los adolescentes hayan iniciado el esquema y para que dentro de 28 d\u00edas puedan completarlo, por lo que va a avanzar r\u00e1pidamente\u201d, explic\u00f3, en di\u00e1logo con Radio 10.<\/p>\n\n\n\n<p>Al respecto, la titular de la cartera sanitaria precis\u00f3 que \u201clo mismo ocurrir\u00e1 con los ni\u00f1os y las ni\u00f1as\u201d, ya que cuenta el Estado cuenta \u201ccon un stock de vacunas\u201d disponibles para ellos, pero aclar\u00f3 que primero se llamar\u00e1 a \u201clos priorizados, con factores de riesgo\u201d.<br>Actualmente, el \u00fanico inoculante que recibi\u00f3 la aprobaci\u00f3n por parte de la ANMAT para su uso pedi\u00e1trico es el del laboratorio chino Sinopharm, que fue autorizado por el organismo para menores de entre 3 y 11 a\u00f1os.<\/p>\n\n\n\n<p>El Gobierno decidi\u00f3 otorgar esta habilitaci\u00f3n teniendo en cuenta los resultados de ensayos cl\u00ednicos de fase 1 y 2 realizados en ni\u00f1os en China y Emiratos \u00c1rabes, as\u00ed como la experiencia de Chile donde se aplica la f\u00f3rmula de otra empresa, pero que tiene igual plataforma.<\/p>\n\n\n\n<p>La propia Vizzotti confirm\u00f3 recientemente que esta vacuna comenzar\u00e1 a ser aplicada a partir del 12 de octubre en los menores de 11 a\u00f1os, con prioridad en aquellos que poseen alg\u00fan factor de riesgo. \u201cTenemos la expectativa de avanzar fuerte para que antes de fin de a\u00f1o todas las personas mayores de 3 a\u00f1os de la Argentina tengan la posibilidad de haber iniciado y completado su esquema\u201d, detall\u00f3 este domingo.<\/p>\n","protected":false},"excerpt":{"rendered":"<p>Carla Vizzotti, ministra de Salud de la Naci\u00f3n, destac\u00f3 el domingo el avance de la vacunaci\u00f3n en ni\u00f1os y adolescentes y confi\u00f3 en que \u201cantes de fin de a\u00f1o todas las personas mayores de 3 a\u00f1os de la Argentina\u201d podr\u00edan \u201chaber iniciado y completado su esquema\u201d. La funcionaria resalt\u00f3 que en el pa\u00eds casi el &hellip;<\/p>\n","protected":false},"author":2,"featured_media":22593,"comment_status":"open","ping_status":"open","sticky":false,"template":"","format":"standard","meta":{"_jetpack_memberships_contains_paid_content":false,"footnotes":"","jetpack_publicize_message":"","jetpack_publicize_feature_enabled":true,"jetpack_social_post_already_shared":true,"jetpack_social_options":{"image_generator_settings":{"template":"highway","default_image_id":0,"font":"","enabled":false},"version":2}},"categories":[639,46],"tags":[],"class_list":["post-42026","post","type-post","status-publish","format-standard","has-post-thumbnail","hentry","category-argentina","category-salud"],"jetpack_publicize_connections":[],"jetpack_featured_media_url":"https:\/\/portalmovil.com.ar\/wp-content\/uploads\/2021\/03\/f608x342-1016057_1045780_15.jpg","jetpack_sharing_enabled":true,"amp_enabled":true,"_links":{"self":[{"href":"https:\/\/portalmovil.com.ar\/index.php\/wp-json\/wp\/v2\/posts\/42026","targetHints":{"allow":["GET"]}}],"collection":[{"href":"https:\/\/portalmovil.com.ar\/index.php\/wp-json\/wp\/v2\/posts"}],"about":[{"href":"https:\/\/portalmovil.com.ar\/index.php\/wp-json\/wp\/v2\/types\/post"}],"author":[{"embeddable":true,"href":"https:\/\/portalmovil.com.ar\/index.php\/wp-json\/wp\/v2\/users\/2"}],"replies":[{"embeddable":true,"href":"https:\/\/portalmovil.com.ar\/index.php\/wp-json\/wp\/v2\/comments?post=42026"}],"version-history":[{"count":1,"href":"https:\/\/portalmovil.com.ar\/index.php\/wp-json\/wp\/v2\/posts\/42026\/revisions"}],"predecessor-version":[{"id":42027,"href":"https:\/\/portalmovil.com.ar\/index.php\/wp-json\/wp\/v2\/posts\/42026\/revisions\/42027"}],"wp:featuredmedia":[{"embeddable":true,"href":"https:\/\/portalmovil.com.ar\/index.php\/wp-json\/wp\/v2\/media\/22593"}],"wp:attachment":[{"href":"https:\/\/portalmovil.com.ar\/index.php\/wp-json\/wp\/v2\/media?parent=42026"}],"wp:term":[{"taxonomy":"category","embeddable":true,"href":"https:\/\/portalmovil.com.ar\/index.php\/wp-json\/wp\/v2\/categories?post=42026"},{"taxonomy":"post_tag","embeddable":true,"href":"https:\/\/portalmovil.com.ar\/index.php\/wp-json\/wp\/v2\/tags?post=42026"}],"curies":[{"name":"wp","href":"https:\/\/api.w.org\/{rel}","templated":true}]}}