{"id":41858,"date":"2021-10-07T20:12:05","date_gmt":"2021-10-07T23:12:05","guid":{"rendered":"https:\/\/portalmovil.com.ar\/?p=41858"},"modified":"2021-10-07T20:12:54","modified_gmt":"2021-10-07T23:12:54","slug":"sobreseyeron-a-cristina-kirchner-en-la-causa-del-memorando-con-iran","status":"publish","type":"post","link":"https:\/\/portalmovil.com.ar\/index.php\/2021\/10\/07\/sobreseyeron-a-cristina-kirchner-en-la-causa-del-memorando-con-iran\/","title":{"rendered":"Sobreseyeron a Cristina Kirchner en la causa del Memorando con Ir\u00e1n"},"content":{"rendered":"\n<p>Lo decidi\u00f3 el Tribunal Oral Federal 8. Tambi\u00e9n fueron sobrese\u00eddos todos los imputados en la causa.<\/p>\n\n\n\n<p>El Tribunal Oral Federal 8 sobresey\u00f3 esta noche a todos los imputados en la causa por la firma del\u00a0<strong>Memorando con Ir\u00e1n<\/strong>, entre ellos la vicepresidenta\u00a0Cristina Fern\u00e1ndez de Kirchner, seg\u00fan un fallo al que tuvo acceso T\u00e9lam.<\/p>\n\n\n\n<p>Los jueces\u00a0<strong>Mar\u00eda Gabriela L\u00f3pez I\u00f1iguez, Daniel Obligado<\/strong>\u00a0y<strong>\u00a0Jos\u00e9 Michelini<\/strong>\u00a0hicieron lugar a los planteos de nulidad presentados por las defensas y argumentaron que el sobreseimiento tiene lugar ya que \u00ablos hechos por los que fueran requeridos no constituyen delito\u00bb.<\/p>\n\n\n\n<p>Los otros imputados en la causa eran&nbsp;<strong>Eduardo Alberto Zuain, Carlos Alberto Zannini, Oscar Isidro Parrilli, Angelina Maria Esther Abbona, Juan Mart\u00edn Mena, Andr\u00e9s Larroque, Luis \u00c1ngel D&#8217;El\u00eda, Fernando Esteche, Jorge Alejandro Khalil&nbsp;<\/strong>y<strong>&nbsp;Ram\u00f3n H\u00e9ctor Allan Bogado.<\/strong><\/p>\n\n\n\n<p>Los jueces aseguraron que \u00abel presente proceso no afecta el buen nombre y honor del que hubieran gozado las personas antes mencionadas\u00bb y lo hicieron extensivo al fallecido canciller&nbsp;<strong>H\u00e9ctor Timerman.<\/strong><\/p>\n\n\n\n<p>Adem\u00e1s, se dejan sin efecto las medidas cautelares de car\u00e1cter de patrimonial dictadas durante el proceso, as\u00ed como cualquier otra medida restrictiva.<\/p>\n\n\n\n<p>La denuncia del exfiscal&nbsp;<strong>Alberto Nisman<\/strong>&nbsp;por supuesto \u00abencubrimiento agravado\u00bb a ra\u00edz del tratado firmado en 2013 y que, seg\u00fan sostuvo, habr\u00eda buscado el cese de las alertas rojas de captura internacional contra ciudadanos iran\u00edes acusados por el ataque del 18 de julio de 1994, fue cerrada por&nbsp;<strong>\u00abinexistencia de delito\u00bb<\/strong>&nbsp;en febrero de 2015 por el juez federal&nbsp;<strong>Daniel Rafecas.<\/strong><\/p>\n\n\n\n<p>Esa decisi\u00f3n del juez de primera instancia fue confirmada despu\u00e9s por la C\u00e1mara Federal porte\u00f1a y en mayo de 2016 por Casaci\u00f3n, porque el fiscal ante esa instancia, Javier De Luca, no mantuvo la apelaci\u00f3n y tambi\u00e9n evalu\u00f3 que \u00abno hubo delito\u00bb<\/p>\n\n\n\n<p>Sin embargo, el 29 de diciembre de 2016, el m\u00e1ximo tribunal penal federal del pa\u00eds reabri\u00f3 la causa con los votos de los jueces que visitaban al expresidente Mauricio Macri en Olivos en las tardes de paddle, entre ellos Mariano Borinsky y Gustavo Hornos.<\/p>\n\n\n\n<p>La investigaci\u00f3n qued\u00f3 a cargo del fallecido juez federal<strong>\u00a0Claudio Bonadio<\/strong>, quien llevaba otra denuncia vinculada a los mismos hechos, por supuesta\u00a0<strong>\u00abtraici\u00f3n a la Patria\u00bb,<\/strong>\u00a0delito luego descartado.<\/p>\n\n\n\n<div class=\"wp-block-image\"><figure class=\"aligncenter size-large\"><img loading=\"lazy\" decoding=\"async\" width=\"326\" height=\"460\" src=\"https:\/\/portalmovil.com.ar\/wp-content\/uploads\/2021\/10\/cristina-imagen-fallo-memorando.jpeg\" alt=\"\" class=\"wp-image-41859\" srcset=\"https:\/\/portalmovil.com.ar\/wp-content\/uploads\/2021\/10\/cristina-imagen-fallo-memorando.jpeg 326w, https:\/\/portalmovil.com.ar\/wp-content\/uploads\/2021\/10\/cristina-imagen-fallo-memorando-213x300.jpeg 213w\" sizes=\"auto, (max-width: 326px) 100vw, 326px\" \/><\/figure><\/div>\n","protected":false},"excerpt":{"rendered":"<p>Lo decidi\u00f3 el Tribunal Oral Federal 8. Tambi\u00e9n fueron sobrese\u00eddos todos los imputados en la causa.<\/p>\n","protected":false},"author":2,"featured_media":41860,"comment_status":"open","ping_status":"open","sticky":false,"template":"","format":"standard","meta":{"_jetpack_memberships_contains_paid_content":false,"footnotes":"","jetpack_publicize_message":"","jetpack_publicize_feature_enabled":true,"jetpack_social_post_already_shared":true,"jetpack_social_options":{"image_generator_settings":{"template":"highway","default_image_id":0,"font":"","enabled":false},"version":2}},"categories":[14],"tags":[],"class_list":["post-41858","post","type-post","status-publish","format-standard","has-post-thumbnail","hentry","category-politica"],"jetpack_publicize_connections":[],"jetpack_featured_media_url":"https:\/\/portalmovil.com.ar\/wp-content\/uploads\/2021\/10\/cristina-kirchner-cierre-tecnopolis-1jpeg.jpeg","jetpack_sharing_enabled":true,"amp_enabled":true,"_links":{"self":[{"href":"https:\/\/portalmovil.com.ar\/index.php\/wp-json\/wp\/v2\/posts\/41858","targetHints":{"allow":["GET"]}}],"collection":[{"href":"https:\/\/portalmovil.com.ar\/index.php\/wp-json\/wp\/v2\/posts"}],"about":[{"href":"https:\/\/portalmovil.com.ar\/index.php\/wp-json\/wp\/v2\/types\/post"}],"author":[{"embeddable":true,"href":"https:\/\/portalmovil.com.ar\/index.php\/wp-json\/wp\/v2\/users\/2"}],"replies":[{"embeddable":true,"href":"https:\/\/portalmovil.com.ar\/index.php\/wp-json\/wp\/v2\/comments?post=41858"}],"version-history":[{"count":1,"href":"https:\/\/portalmovil.com.ar\/index.php\/wp-json\/wp\/v2\/posts\/41858\/revisions"}],"predecessor-version":[{"id":41861,"href":"https:\/\/portalmovil.com.ar\/index.php\/wp-json\/wp\/v2\/posts\/41858\/revisions\/41861"}],"wp:featuredmedia":[{"embeddable":true,"href":"https:\/\/portalmovil.com.ar\/index.php\/wp-json\/wp\/v2\/media\/41860"}],"wp:attachment":[{"href":"https:\/\/portalmovil.com.ar\/index.php\/wp-json\/wp\/v2\/media?parent=41858"}],"wp:term":[{"taxonomy":"category","embeddable":true,"href":"https:\/\/portalmovil.com.ar\/index.php\/wp-json\/wp\/v2\/categories?post=41858"},{"taxonomy":"post_tag","embeddable":true,"href":"https:\/\/portalmovil.com.ar\/index.php\/wp-json\/wp\/v2\/tags?post=41858"}],"curies":[{"name":"wp","href":"https:\/\/api.w.org\/{rel}","templated":true}]}}