{"id":41786,"date":"2021-10-06T22:16:57","date_gmt":"2021-10-07T01:16:57","guid":{"rendered":"https:\/\/portalmovil.com.ar\/?p=41786"},"modified":"2021-10-06T22:17:33","modified_gmt":"2021-10-07T01:17:33","slug":"entregaron-549-titulos-de-propiedad-a-familias-de-saenz-pena","status":"publish","type":"post","link":"https:\/\/portalmovil.com.ar\/index.php\/2021\/10\/06\/entregaron-549-titulos-de-propiedad-a-familias-de-saenz-pena\/","title":{"rendered":"Entregaron 549 t\u00edtulos de propiedad a familias de S\u00e1enz Pe\u00f1a"},"content":{"rendered":"\n<p>El gobernador Jorge Capitanich entreg\u00f3 en un acto realizado en el Parque del Encuentro de S\u00e1enz Pe\u00f1a en la noche de este mi\u00e9rcoles 549 t\u00edtulos de propiedad a familias de esta ciudad.<\/p>\n\n\n\n<p>En la actividad, que cont\u00f3 con la presencia del titular del Instituto de Vivienda, Diego Ar\u00e9valo, entre otras autoridades, el mandatario provincial asegur\u00f3: \u00abNuestro plan es entregar t\u00edtulos de propiedad para todas las viviendas adjudicadas. Un t\u00edtulo de propiedad significa un legado para hijos y nietos, pero tambi\u00e9n la posibilidad de acceder a cr\u00e9dito o una herencia, genera un bien de familia inembargable\u00bb.<\/p>\n\n\n\n<p>Las familias que reciben su t\u00edtulo de propiedad son provenientes de distintos barrios de S\u00e1enz Pe\u00f1a, ellos son Puerta del Sol, Juan Domingo Per\u00f3n, UNE, Emconarsa, Mariano Moreno, Rucci, Cooperativa Ciudad Termal, Utedyc, Yapeyu, 100 CGT Viviendas, 134 Viviendas, 143 Viviendas, 154 Viviendas, 160 Viviendas, 50 Viviendas Federal, C\u00edrculo de Suboficiales, 72 Viviendas, Promeba y Santa M\u00f3nica.<\/p>\n\n\n\n<p>Adem\u00e1s, algunos de sus titulares reciben el t\u00edtulo de su propiedad luego de 35 a\u00f1os de espera.<\/p>\n\n\n\n<p>Desde el Instituto de Vivienda informaron que la meta entre los a\u00f1os 2019 y 2023 para toda la provincia es entegar 12.000 t\u00edtulos de propiedad de viviendas, y 33 leyes de expropiaci\u00f3n, as\u00ed como la ocupaci\u00f3n efectiva de locales comerciales, cocheras y la intervenci\u00f3n en el proceso de conformaci\u00f3n de los consorcios barriales.<\/p>\n\n\n\n<p>El t\u00edtulo de propiedad es un documento que, acredita a una persona como due\u00f1o o propietario de su vivienda, certifica la leg\u00edtima posesi\u00f3n del bien, protegiendo jur\u00eddicamente a su due\u00f1o, generando un legado en la familia.<\/p>\n","protected":false},"excerpt":{"rendered":"<p>El gobernador Jorge Capitanich entreg\u00f3 en un acto realizado en el Parque del Encuentro de S\u00e1enz Pe\u00f1a en la noche de este mi\u00e9rcoles 549 t\u00edtulos de propiedad a familias de esta ciudad. En la actividad, que cont\u00f3 con la presencia del titular del Instituto de Vivienda, Diego Ar\u00e9valo, entre otras autoridades, el mandatario provincial asegur\u00f3: &hellip;<\/p>\n","protected":false},"author":2,"featured_media":41787,"comment_status":"open","ping_status":"open","sticky":false,"template":"","format":"standard","meta":{"_jetpack_memberships_contains_paid_content":false,"footnotes":"","jetpack_publicize_message":"","jetpack_publicize_feature_enabled":true,"jetpack_social_post_already_shared":true,"jetpack_social_options":{"image_generator_settings":{"template":"highway","default_image_id":0,"font":"","enabled":false},"version":2}},"categories":[5,42,12],"tags":[],"class_list":["post-41786","post","type-post","status-publish","format-standard","has-post-thumbnail","hentry","category-chaco","category-interior","category-ultimo"],"jetpack_publicize_connections":[],"jetpack_featured_media_url":"https:\/\/portalmovil.com.ar\/wp-content\/uploads\/2021\/10\/615e3831346d4750603122.jpeg","jetpack_sharing_enabled":true,"amp_enabled":true,"_links":{"self":[{"href":"https:\/\/portalmovil.com.ar\/index.php\/wp-json\/wp\/v2\/posts\/41786","targetHints":{"allow":["GET"]}}],"collection":[{"href":"https:\/\/portalmovil.com.ar\/index.php\/wp-json\/wp\/v2\/posts"}],"about":[{"href":"https:\/\/portalmovil.com.ar\/index.php\/wp-json\/wp\/v2\/types\/post"}],"author":[{"embeddable":true,"href":"https:\/\/portalmovil.com.ar\/index.php\/wp-json\/wp\/v2\/users\/2"}],"replies":[{"embeddable":true,"href":"https:\/\/portalmovil.com.ar\/index.php\/wp-json\/wp\/v2\/comments?post=41786"}],"version-history":[{"count":2,"href":"https:\/\/portalmovil.com.ar\/index.php\/wp-json\/wp\/v2\/posts\/41786\/revisions"}],"predecessor-version":[{"id":41789,"href":"https:\/\/portalmovil.com.ar\/index.php\/wp-json\/wp\/v2\/posts\/41786\/revisions\/41789"}],"wp:featuredmedia":[{"embeddable":true,"href":"https:\/\/portalmovil.com.ar\/index.php\/wp-json\/wp\/v2\/media\/41787"}],"wp:attachment":[{"href":"https:\/\/portalmovil.com.ar\/index.php\/wp-json\/wp\/v2\/media?parent=41786"}],"wp:term":[{"taxonomy":"category","embeddable":true,"href":"https:\/\/portalmovil.com.ar\/index.php\/wp-json\/wp\/v2\/categories?post=41786"},{"taxonomy":"post_tag","embeddable":true,"href":"https:\/\/portalmovil.com.ar\/index.php\/wp-json\/wp\/v2\/tags?post=41786"}],"curies":[{"name":"wp","href":"https:\/\/api.w.org\/{rel}","templated":true}]}}