{"id":41656,"date":"2021-10-05T20:13:09","date_gmt":"2021-10-05T23:13:09","guid":{"rendered":"https:\/\/portalmovil.com.ar\/?p=41656"},"modified":"2021-10-05T20:13:11","modified_gmt":"2021-10-05T23:13:11","slug":"la-familia-del-secuestrador-de-caseros-dijo-que-la-justicia-no-escucho-sus-denuncias","status":"publish","type":"post","link":"https:\/\/portalmovil.com.ar\/index.php\/2021\/10\/05\/la-familia-del-secuestrador-de-caseros-dijo-que-la-justicia-no-escucho-sus-denuncias\/","title":{"rendered":"La familia del secuestrador de Caseros dijo que \u00abla justicia no escuch\u00f3\u00bb sus denuncias"},"content":{"rendered":"\n<p>La hermana de Alejandro Maldonado confirm\u00f3 que el hombre ten\u00eda denuncias por violencia contra su familia y allegados, y que su esposa lo apa\u00f1aba.<\/p>\n\n\n\n<p>\u00abLa Justicia no nos escuch\u00f3, el Juzgado de Paz de Caseros no nos escuch\u00f3. Lo \u00fanico que hac\u00eda era una perimetral. Les dije: &#8216;\u00bfqu\u00e9 tengo que esperar?&nbsp;<strong>\u00bfQue mi hermano me mate?&#8217; Me dijeron &#8216;s\u00ed&#8217;<\/strong>. Me apedreaba la casa, hace ocho a\u00f1os que vengo con todas estas denuncias\u00bb, espet\u00f3 este martes la hermana del hombre que secuestr\u00f3 y mat\u00f3 a un amigo en Caseros, provincia de Buenos Aires.<\/p>\n\n\n\n<p>Alejandro Maldonado, de 42 a\u00f1os,\u00a0<strong>hab\u00eda sido denunciado varias veces por uso de armas y episodios de\u00a0violencia<\/strong>\u00a0al punto de que su hermana revel\u00f3 que ten\u00eda \u00abmillones de perimetrales\u00bb en su contra para mantenerlo lejos de su familia.<\/p>\n\n\n\n<p>Mariana, hermana de Alejandro Maldonado, revel\u00f3 al canal&nbsp;<em>Cr\u00f3nica TV<\/em>&nbsp;que&nbsp;<strong>el hombre quiso apu\u00f1alar a su hermano mayor y que incluso sus padres \u00absufr\u00edan violencia por \u00e9l\u00bb<\/strong>.<\/p>\n\n\n\n<p>Lo que es m\u00e1s, Mariana se\u00f1al\u00f3 a\u00a0<strong>su cu\u00f1ada como \u00abtan culpable como Alejandro\u00bb<\/strong>\u00a0en la tragedia que se desarroll\u00f3\u00a0entre las 23 del lunes y las 9 de este martes en Caseros, partido de Tres de Febrero.<\/p>\n\n\n\n<p>\u00abNosotros lo quisimos ayudar y ella lo proteg\u00eda. Ella trabaja en la mesa de entrada del Juzgado de San Mart\u00edn, donde recib\u00eda las denuncias y las cajoneaba. Se cas\u00f3 con \u00e9l para sacarnos a mi hermano mayor y a m\u00ed la posibilidad que ten\u00edamos de poder internarlo\u00bb, explic\u00f3 Mariana.<\/p>\n\n\n\n<figure class=\"wp-block-image size-large\"><img loading=\"lazy\" decoding=\"async\" width=\"730\" height=\"425\" src=\"https:\/\/portalmovil.com.ar\/wp-content\/uploads\/2021\/10\/toma-rehenes-caseros.jpg\" alt=\"\" class=\"wp-image-41657\" srcset=\"https:\/\/portalmovil.com.ar\/wp-content\/uploads\/2021\/10\/toma-rehenes-caseros.jpg 730w, https:\/\/portalmovil.com.ar\/wp-content\/uploads\/2021\/10\/toma-rehenes-caseros-300x175.jpg 300w\" sizes=\"auto, (max-width: 730px) 100vw, 730px\" \/><\/figure>\n\n\n\n<p>\u00abYo sufro violencia de mi hermano desde que tengo uso de raz\u00f3n. Nos pegaba trompadas en la cabeza, le pegaba a mis padres, de toda la vida. Y cuando se empez\u00f3 a drogar fue peor\u00bb, agreg\u00f3 la mujer.<\/p>\n\n\n\n<p>Los amigos de Maldonado aportaron datos sobre el consumo problem\u00e1tico del hombre, que era electricista de profesi\u00f3n pero no trabajaba. \u00abNo estaba loco, pero ten\u00eda sus problemas de adicci\u00f3n, consum\u00eda coca\u00edna\u00bb, se\u00f1al\u00f3 Andr\u00e9s, uno de los allegados.<\/p>\n","protected":false},"excerpt":{"rendered":"<p>La hermana de Alejandro Maldonado confirm\u00f3 que el hombre ten\u00eda denuncias por violencia contra su familia y allegados, y que su esposa lo apa\u00f1aba.<\/p>\n","protected":false},"author":2,"featured_media":41657,"comment_status":"open","ping_status":"open","sticky":false,"template":"","format":"standard","meta":{"_jetpack_memberships_contains_paid_content":false,"footnotes":"","jetpack_publicize_message":"","jetpack_publicize_feature_enabled":true,"jetpack_social_post_already_shared":true,"jetpack_social_options":{"image_generator_settings":{"template":"highway","default_image_id":0,"font":"","enabled":false},"version":2}},"categories":[8],"tags":[],"class_list":["post-41656","post","type-post","status-publish","format-standard","has-post-thumbnail","hentry","category-policiales"],"jetpack_publicize_connections":[],"jetpack_featured_media_url":"https:\/\/portalmovil.com.ar\/wp-content\/uploads\/2021\/10\/toma-rehenes-caseros.jpg","jetpack_sharing_enabled":true,"amp_enabled":true,"_links":{"self":[{"href":"https:\/\/portalmovil.com.ar\/index.php\/wp-json\/wp\/v2\/posts\/41656","targetHints":{"allow":["GET"]}}],"collection":[{"href":"https:\/\/portalmovil.com.ar\/index.php\/wp-json\/wp\/v2\/posts"}],"about":[{"href":"https:\/\/portalmovil.com.ar\/index.php\/wp-json\/wp\/v2\/types\/post"}],"author":[{"embeddable":true,"href":"https:\/\/portalmovil.com.ar\/index.php\/wp-json\/wp\/v2\/users\/2"}],"replies":[{"embeddable":true,"href":"https:\/\/portalmovil.com.ar\/index.php\/wp-json\/wp\/v2\/comments?post=41656"}],"version-history":[{"count":1,"href":"https:\/\/portalmovil.com.ar\/index.php\/wp-json\/wp\/v2\/posts\/41656\/revisions"}],"predecessor-version":[{"id":41658,"href":"https:\/\/portalmovil.com.ar\/index.php\/wp-json\/wp\/v2\/posts\/41656\/revisions\/41658"}],"wp:featuredmedia":[{"embeddable":true,"href":"https:\/\/portalmovil.com.ar\/index.php\/wp-json\/wp\/v2\/media\/41657"}],"wp:attachment":[{"href":"https:\/\/portalmovil.com.ar\/index.php\/wp-json\/wp\/v2\/media?parent=41656"}],"wp:term":[{"taxonomy":"category","embeddable":true,"href":"https:\/\/portalmovil.com.ar\/index.php\/wp-json\/wp\/v2\/categories?post=41656"},{"taxonomy":"post_tag","embeddable":true,"href":"https:\/\/portalmovil.com.ar\/index.php\/wp-json\/wp\/v2\/tags?post=41656"}],"curies":[{"name":"wp","href":"https:\/\/api.w.org\/{rel}","templated":true}]}}