{"id":41513,"date":"2021-10-01T17:52:11","date_gmt":"2021-10-01T20:52:11","guid":{"rendered":"https:\/\/portalmovil.com.ar\/?p=41513"},"modified":"2021-10-01T17:52:14","modified_gmt":"2021-10-01T20:52:14","slug":"piden-la-intervencion-judicial-del-sindicato-de-municipales-y-la-suspension-de-las-elecciones","status":"publish","type":"post","link":"https:\/\/portalmovil.com.ar\/index.php\/2021\/10\/01\/piden-la-intervencion-judicial-del-sindicato-de-municipales-y-la-suspension-de-las-elecciones\/","title":{"rendered":"Piden la intervenci\u00f3n judicial del Sindicato de Municipales y la suspensi\u00f3n de las elecciones"},"content":{"rendered":"\n<p>Lo solicit\u00f3 el fiscal Federal de Resistencia, Patricio Sabadini, ante el juzgado Federal 2. Fue tras una denuncia penal realizada por el exdiputado, Ricardo S\u00e1nchez, en representaci\u00f3n del intendente de la capital chaque\u00f1a, Gustavo Mart\u00ednez, por presuntas irregularidades en la convocatoria al acto eleccionario del Sindicato de Trabajadores Municipales previsto para el 11 de diciembre pr\u00f3ximo.<\/p>\n\n\n\n<p>La fecha de las elecciones para renovar las autoridades gremiales en el Sindicato de Trabajadores Municipales de Resistencia se convirti\u00f3 en una gran inc\u00f3gnita, como as\u00ed tambi\u00e9n el futuro de la conducci\u00f3n del gremio.<\/p>\n\n\n\n<p>Fuente: Chacodiapordia.com<\/p>\n","protected":false},"excerpt":{"rendered":"<p>Lo solicit\u00f3 el fiscal Federal de Resistencia, Patricio Sabadini, ante el juzgado Federal 2. Fue tras una denuncia penal realizada por el exdiputado, Ricardo S\u00e1nchez, en representaci\u00f3n del intendente de la capital chaque\u00f1a, Gustavo Mart\u00ednez, por presuntas irregularidades en la convocatoria al acto eleccionario del Sindicato de Trabajadores Municipales previsto para el 11 de diciembre &hellip;<\/p>\n","protected":false},"author":2,"featured_media":41514,"comment_status":"open","ping_status":"open","sticky":false,"template":"","format":"standard","meta":{"_jetpack_memberships_contains_paid_content":false,"footnotes":"","jetpack_publicize_message":"","jetpack_publicize_feature_enabled":true,"jetpack_social_post_already_shared":true,"jetpack_social_options":{"image_generator_settings":{"template":"highway","default_image_id":0,"font":"","enabled":false},"version":2}},"categories":[50,37],"tags":[],"class_list":["post-41513","post","type-post","status-publish","format-standard","has-post-thumbnail","hentry","category-judiciales","category-resistencia"],"jetpack_publicize_connections":[],"jetpack_featured_media_url":"https:\/\/portalmovil.com.ar\/wp-content\/uploads\/2021\/10\/sede-de-STM-696x522-1.jpg","jetpack_sharing_enabled":true,"amp_enabled":true,"_links":{"self":[{"href":"https:\/\/portalmovil.com.ar\/index.php\/wp-json\/wp\/v2\/posts\/41513","targetHints":{"allow":["GET"]}}],"collection":[{"href":"https:\/\/portalmovil.com.ar\/index.php\/wp-json\/wp\/v2\/posts"}],"about":[{"href":"https:\/\/portalmovil.com.ar\/index.php\/wp-json\/wp\/v2\/types\/post"}],"author":[{"embeddable":true,"href":"https:\/\/portalmovil.com.ar\/index.php\/wp-json\/wp\/v2\/users\/2"}],"replies":[{"embeddable":true,"href":"https:\/\/portalmovil.com.ar\/index.php\/wp-json\/wp\/v2\/comments?post=41513"}],"version-history":[{"count":1,"href":"https:\/\/portalmovil.com.ar\/index.php\/wp-json\/wp\/v2\/posts\/41513\/revisions"}],"predecessor-version":[{"id":41515,"href":"https:\/\/portalmovil.com.ar\/index.php\/wp-json\/wp\/v2\/posts\/41513\/revisions\/41515"}],"wp:featuredmedia":[{"embeddable":true,"href":"https:\/\/portalmovil.com.ar\/index.php\/wp-json\/wp\/v2\/media\/41514"}],"wp:attachment":[{"href":"https:\/\/portalmovil.com.ar\/index.php\/wp-json\/wp\/v2\/media?parent=41513"}],"wp:term":[{"taxonomy":"category","embeddable":true,"href":"https:\/\/portalmovil.com.ar\/index.php\/wp-json\/wp\/v2\/categories?post=41513"},{"taxonomy":"post_tag","embeddable":true,"href":"https:\/\/portalmovil.com.ar\/index.php\/wp-json\/wp\/v2\/tags?post=41513"}],"curies":[{"name":"wp","href":"https:\/\/api.w.org\/{rel}","templated":true}]}}