{"id":4145,"date":"2020-03-26T15:58:59","date_gmt":"2020-03-26T18:58:59","guid":{"rendered":"http:\/\/portalmovil.com.ar\/?p=4145"},"modified":"2020-03-26T15:59:02","modified_gmt":"2020-03-26T18:59:02","slug":"capitanich-analiza-la-posibilidad-de-extender-el-aislamiento-preventivo","status":"publish","type":"post","link":"https:\/\/portalmovil.com.ar\/index.php\/2020\/03\/26\/capitanich-analiza-la-posibilidad-de-extender-el-aislamiento-preventivo\/","title":{"rendered":"CAPITANICH: analiza la posibilidad de extender el aislamiento preventivo"},"content":{"rendered":"\n<p>El gobernador Jorge Capitanich brind\u00f3 esta ma\u00f1ana una conferencia de prensa para dar a conocer los datos actualizados sobre la situaci\u00f3n epidemiol\u00f3gica en la provincia. Hasta la ma\u00f1ana de hoy jueves 26, Argentina tiene 502 casos de coronavirus y Chaco 54, dentro de ellos, 13 son importados, 38 por contacto directo, adem\u00e1s de tres fallecidos.<\/p>\n\n\n\n<p>Capitanich habl\u00f3 sobre las consecuencias que puede tener, la posibilidad de extender el aislamiento social en la provincia, teniendo en cuenta la propagaci\u00f3n del virus.<\/p>\n\n\n\n<p>Reconoci\u00f3 que se \u201cva a resentir los d\u00edas de clases\u201d y agreg\u00f3:\u00a0\u201cTenemos que profundizar los sistemas de educaci\u00f3n a trav\u00e9s del sistema digital\u201d, dejando en claro tambi\u00e9n que la prioridad siempre es la salud, m\u00e1s all\u00e1 del \u201cimpacto econ\u00f3mico\u201d que puede llegar a tener una medida de esta manera.<\/p>\n\n\n\n<p>Brind\u00f3 datos sobre la cantidad de llamados que se est\u00e1n haciendo al 0800 444 habilitado para las consultas. Se recibieron 2738 consultas en centro de contacto y 10.000 llamados en distintos mecanismos de consultas que implic\u00f3 1013, 64 con s\u00edntomas y antecedentes y 330 con s\u00edntomas que debieron ser atendidos.<\/p>\n\n\n\n<p>\u201cEsto implica un gran esfuerzo, por eso quiero agradecer a los trabajadores de salud; a las fuerzas de seguridad y a nuestros trabajadores y trabajadoras sociales\u201d, expres\u00f3. \u201cTenemos una sociedad solidaria que trabaja a destajo por el bien com\u00fan, por el bien general\u201d, dijo.<\/p>\n\n\n\n<p>\u201cTenemos que generar las condiciones de la pandemia y prevenir. Estamos recibiendo dosis de vacunaci\u00f3n contra la gripe. 29100 dosis pedi\u00e1tricas y 39.200 para adultos, en 100 centros vacunatorios. Es decir, se decidi\u00f3 adelantar el periodo de vacunaci\u00f3n\u201d, dio a conocer.<\/p>\n\n\n\n<p>\u201cNuestra meta debe ser 10.2 d\u00edas de duplicaci\u00f3n de casos, lo que se cumplir\u00e1 con el aislamiento obligatorio. Efectivamente se lograr\u00e1 que la cantidad de casos disminuya, lo que permitir\u00e1 aplanar la curva de contagio y optimizar la atenci\u00f3n del sistema de salud\u201d, dijo.<\/p>\n","protected":false},"excerpt":{"rendered":"<p>El gobernador Jorge Capitanich brind\u00f3 esta ma\u00f1ana una conferencia de prensa para dar a conocer los datos actualizados sobre la situaci\u00f3n epidemiol\u00f3gica en la provincia. Hasta la ma\u00f1ana de hoy jueves 26, Argentina tiene 502 casos de coronavirus y Chaco 54, dentro de ellos, 13 son importados, 38 por contacto directo, adem\u00e1s de tres fallecidos. &hellip;<\/p>\n","protected":false},"author":2,"featured_media":4146,"comment_status":"open","ping_status":"open","sticky":false,"template":"","format":"standard","meta":{"_jetpack_memberships_contains_paid_content":false,"footnotes":"","jetpack_publicize_message":"","jetpack_publicize_feature_enabled":true,"jetpack_social_post_already_shared":true,"jetpack_social_options":{"image_generator_settings":{"template":"highway","default_image_id":0,"font":"","enabled":false},"version":2}},"categories":[5,14],"tags":[],"class_list":["post-4145","post","type-post","status-publish","format-standard","has-post-thumbnail","hentry","category-chaco","category-politica"],"jetpack_publicize_connections":[],"jetpack_featured_media_url":"https:\/\/portalmovil.com.ar\/wp-content\/uploads\/2020\/03\/56d5e2f042f5c3a05f526976479f33f0.jpg","jetpack_sharing_enabled":true,"amp_enabled":true,"_links":{"self":[{"href":"https:\/\/portalmovil.com.ar\/index.php\/wp-json\/wp\/v2\/posts\/4145","targetHints":{"allow":["GET"]}}],"collection":[{"href":"https:\/\/portalmovil.com.ar\/index.php\/wp-json\/wp\/v2\/posts"}],"about":[{"href":"https:\/\/portalmovil.com.ar\/index.php\/wp-json\/wp\/v2\/types\/post"}],"author":[{"embeddable":true,"href":"https:\/\/portalmovil.com.ar\/index.php\/wp-json\/wp\/v2\/users\/2"}],"replies":[{"embeddable":true,"href":"https:\/\/portalmovil.com.ar\/index.php\/wp-json\/wp\/v2\/comments?post=4145"}],"version-history":[{"count":1,"href":"https:\/\/portalmovil.com.ar\/index.php\/wp-json\/wp\/v2\/posts\/4145\/revisions"}],"predecessor-version":[{"id":4147,"href":"https:\/\/portalmovil.com.ar\/index.php\/wp-json\/wp\/v2\/posts\/4145\/revisions\/4147"}],"wp:featuredmedia":[{"embeddable":true,"href":"https:\/\/portalmovil.com.ar\/index.php\/wp-json\/wp\/v2\/media\/4146"}],"wp:attachment":[{"href":"https:\/\/portalmovil.com.ar\/index.php\/wp-json\/wp\/v2\/media?parent=4145"}],"wp:term":[{"taxonomy":"category","embeddable":true,"href":"https:\/\/portalmovil.com.ar\/index.php\/wp-json\/wp\/v2\/categories?post=4145"},{"taxonomy":"post_tag","embeddable":true,"href":"https:\/\/portalmovil.com.ar\/index.php\/wp-json\/wp\/v2\/tags?post=4145"}],"curies":[{"name":"wp","href":"https:\/\/api.w.org\/{rel}","templated":true}]}}