{"id":41311,"date":"2021-09-29T21:24:13","date_gmt":"2021-09-30T00:24:13","guid":{"rendered":"https:\/\/portalmovil.com.ar\/?p=41311"},"modified":"2021-09-29T21:24:15","modified_gmt":"2021-09-30T00:24:15","slug":"segun-revelo-mario-teruel-su-hijo-abuso-de-otra-nina","status":"publish","type":"post","link":"https:\/\/portalmovil.com.ar\/index.php\/2021\/09\/29\/segun-revelo-mario-teruel-su-hijo-abuso-de-otra-nina\/","title":{"rendered":"Seg\u00fan revel\u00f3 Mario Teruel, su hijo abus\u00f3 de otra ni\u00f1a"},"content":{"rendered":"\n<p>Lautaro Teruel\u00a0est\u00e1 denunciado en una tercera causa desde el a\u00f1o pasado. Ahora se lo juzga por acusaciones de abuso sexual con acceso carnal en perjuicio de dos personas, una era menor de edad cuando sufri\u00f3 estos ataques.<\/p>\n\n\n\n<p><strong>Durante la jornada de este mi\u00e9rcoles&nbsp;Mario Teruel<\/strong>&nbsp;fue el principal testigo de la segunda jornada del juicio que se sigue contra su hijo&nbsp;<strong>Lautaro Teruel que es acusado por<\/strong>&nbsp;abuso sexual en perjuicio de dos chicas.<\/p>\n\n\n\n<p>El cantante de&nbsp;<strong>Los Nocheros,<\/strong>&nbsp;expres\u00f3 que su hijo admiti\u00f3 que hab\u00eda cometido el abuso en perjuicio de una ni\u00f1a, una de las acusaciones por la que est\u00e1 siendo juzgando ahora, pero adem\u00e1s le dijo que hab\u00eda&nbsp;<strong>abusado de otra nena, presuntamente en 2007<\/strong>. As\u00ed se supo de la existencia de una tercera v\u00edctima que, seg\u00fan pudo constatar Salta\/12, present\u00f3 la denuncia formal el a\u00f1o pasado.<\/p>\n\n\n\n<p>En cuanto al primera denuncia que se present\u00f3 contra Lautaro Teruel, la de una ni\u00f1a, Mario Teruel declar\u00f3 que su hijo le confes\u00f3 que&nbsp;<strong>\u00abse hizo manosear en el piso de arriba, en el ba\u00f1o\u00bb y eso fue por un \u00abinstante\u00bb porque \u00ab<\/strong>se dio cuenta de lo que estaba haciendo\u00bb.&nbsp;<\/p>\n\n\n\n<p><strong>Mario Teruel relat\u00f3 que presion\u00f3 a su hijo casi al punto de golpearlo para que le diera explicaciones antes de que fuera denunciado en la primera causa. \u00abLe dije si se hab\u00eda pasado con alguien m\u00e1s y me dijo de (&#8230;) otra nena\u00bb,<\/strong>\u00a0afirm\u00f3 el padre refiri\u00e9ndose a una tercera v\u00edctima.<\/p>\n\n\n\n<figure class=\"wp-block-image size-large\"><img loading=\"lazy\" decoding=\"async\" width=\"512\" height=\"288\" src=\"https:\/\/portalmovil.com.ar\/wp-content\/uploads\/2021\/09\/547511_354-1.jpg\" alt=\"\" class=\"wp-image-41312\" srcset=\"https:\/\/portalmovil.com.ar\/wp-content\/uploads\/2021\/09\/547511_354-1.jpg 512w, https:\/\/portalmovil.com.ar\/wp-content\/uploads\/2021\/09\/547511_354-1-300x169.jpg 300w\" sizes=\"auto, (max-width: 512px) 100vw, 512px\" \/><\/figure>\n","protected":false},"excerpt":{"rendered":"<p>Lautaro Teruel est\u00e1 denunciado en una tercera causa desde el a\u00f1o pasado. Ahora se lo juzga por acusaciones de abuso sexual con acceso carnal en perjuicio de dos personas, una era menor de edad cuando sufri\u00f3 estos ataques.<\/p>\n","protected":false},"author":2,"featured_media":41313,"comment_status":"open","ping_status":"open","sticky":false,"template":"","format":"standard","meta":{"_jetpack_memberships_contains_paid_content":false,"footnotes":"","jetpack_publicize_message":"","jetpack_publicize_feature_enabled":true,"jetpack_social_post_already_shared":true,"jetpack_social_options":{"image_generator_settings":{"template":"highway","default_image_id":0,"font":"","enabled":false},"version":2}},"categories":[8],"tags":[],"class_list":["post-41311","post","type-post","status-publish","format-standard","has-post-thumbnail","hentry","category-policiales"],"jetpack_publicize_connections":[],"jetpack_featured_media_url":"https:\/\/portalmovil.com.ar\/wp-content\/uploads\/2021\/09\/1632943545295.jpg","jetpack_sharing_enabled":true,"amp_enabled":true,"_links":{"self":[{"href":"https:\/\/portalmovil.com.ar\/index.php\/wp-json\/wp\/v2\/posts\/41311","targetHints":{"allow":["GET"]}}],"collection":[{"href":"https:\/\/portalmovil.com.ar\/index.php\/wp-json\/wp\/v2\/posts"}],"about":[{"href":"https:\/\/portalmovil.com.ar\/index.php\/wp-json\/wp\/v2\/types\/post"}],"author":[{"embeddable":true,"href":"https:\/\/portalmovil.com.ar\/index.php\/wp-json\/wp\/v2\/users\/2"}],"replies":[{"embeddable":true,"href":"https:\/\/portalmovil.com.ar\/index.php\/wp-json\/wp\/v2\/comments?post=41311"}],"version-history":[{"count":1,"href":"https:\/\/portalmovil.com.ar\/index.php\/wp-json\/wp\/v2\/posts\/41311\/revisions"}],"predecessor-version":[{"id":41314,"href":"https:\/\/portalmovil.com.ar\/index.php\/wp-json\/wp\/v2\/posts\/41311\/revisions\/41314"}],"wp:featuredmedia":[{"embeddable":true,"href":"https:\/\/portalmovil.com.ar\/index.php\/wp-json\/wp\/v2\/media\/41313"}],"wp:attachment":[{"href":"https:\/\/portalmovil.com.ar\/index.php\/wp-json\/wp\/v2\/media?parent=41311"}],"wp:term":[{"taxonomy":"category","embeddable":true,"href":"https:\/\/portalmovil.com.ar\/index.php\/wp-json\/wp\/v2\/categories?post=41311"},{"taxonomy":"post_tag","embeddable":true,"href":"https:\/\/portalmovil.com.ar\/index.php\/wp-json\/wp\/v2\/tags?post=41311"}],"curies":[{"name":"wp","href":"https:\/\/api.w.org\/{rel}","templated":true}]}}