{"id":4101,"date":"2020-03-25T15:37:08","date_gmt":"2020-03-25T18:37:08","guid":{"rendered":"http:\/\/portalmovil.com.ar\/?p=4101"},"modified":"2020-03-25T15:37:15","modified_gmt":"2020-03-25T18:37:15","slug":"confirman-el-primer-caso-de-coronavirus-en-el-vaticano","status":"publish","type":"post","link":"https:\/\/portalmovil.com.ar\/index.php\/2020\/03\/25\/confirman-el-primer-caso-de-coronavirus-en-el-vaticano\/","title":{"rendered":"Confirman el primer caso de coronavirus en el Vaticano"},"content":{"rendered":"\n<p>Un sacerdote de la Secretar\u00eda de Estado del Vaticano que vive en la residencia de Casa Santa Marta, donde tambi\u00e9n reside el papa Francisco, dio positivo al test de coronavirus Covid-19, inform\u00f3 hoy el diario Il Messaggero.<\/p>\n\n\n\n<p>Luego de que el vocero papal Matteo Bruni confirmara cuatro casos positivos entre el personal de Museos Vaticanos y otras dependencias, Il Messaggero inform\u00f3 hoy el primer Se trata de un oficial de la denominada \u201csegunda secci\u00f3n\u201d de la secretar\u00eda de Estado (o Secci\u00f3n para las Relaciones con los Estados) que vive en la misma residencia de cuatro pisos y 129 habitaciones en la que lo hace Jorge Bergoglio, seg\u00fan fuentes consultadas por T\u00e9lam.<\/p>\n\n\n\n<p>Tambi\u00e9n por el Covid-19, el Vaticano dejar\u00e1 de imprimir desde hoy su diario oficial fundado en 1861, L\u2019Osservatore Romano.<\/p>\n\n\n\n<p>Seg\u00fan una nota interna a la que accedi\u00f3 T\u00e9lam, el Dicasterio vaticano de las Comunicaciones decret\u00f3 que este mi\u00e9rcoles sea la \u00faltima impresi\u00f3n \u201cgarantizada\u201d del hist\u00f3rico peri\u00f3dico.<\/p>\n\n\n\n<p>As\u00ed, desde ma\u00f1ana, las 20.000 copias diarias actuales pasar\u00e1n a ser \u201ccerca de 10 en fomato A3\u201d, seg\u00fan la nota interna, por lo que su edici\u00f3n en papel quedar\u00e1 restringida al papa Francisco, al pont\u00edfice em\u00e9rito Benedicto XVI y a un pu\u00f1ado de funcionarios de la Santa Sede.<\/p>\n\n\n\n<p>Los ejemplares impresos ser\u00e1n entregados por los bomberos del Vaticano y la suspensi\u00f3n de la impresi\u00f3n se dar\u00e1 \u201chasta pr\u00f3xima indicaci\u00f3n\u201d.<\/p>\n\n\n\n<p>Si bien fuentes consultadas por T\u00e9lam hicieron hincapi\u00e9 en la \u201ccrisis\u201d derivada de la pandemia como el disparador de la resoluci\u00f3n, el diario del Vaticano es el \u00fanico peri\u00f3dico de circulaci\u00f3n en Italia que decide permanecer \u00fanicamente en formato digital.Que te pareci\u00f3 esta nota?<\/p>\n","protected":false},"excerpt":{"rendered":"<p>Un sacerdote de la Secretar\u00eda de Estado del Vaticano que vive en la residencia de Casa Santa Marta, donde tambi\u00e9n reside el papa Francisco, dio positivo al test de coronavirus Covid-19, inform\u00f3 hoy el diario Il Messaggero. Luego de que el vocero papal Matteo Bruni confirmara cuatro casos positivos entre el personal de Museos Vaticanos &hellip;<\/p>\n","protected":false},"author":2,"featured_media":4102,"comment_status":"open","ping_status":"open","sticky":false,"template":"","format":"standard","meta":{"_jetpack_memberships_contains_paid_content":false,"footnotes":"","jetpack_publicize_message":"","jetpack_publicize_feature_enabled":true,"jetpack_social_post_already_shared":true,"jetpack_social_options":{"image_generator_settings":{"template":"highway","default_image_id":0,"font":"","enabled":false},"version":2}},"categories":[17,3],"tags":[],"class_list":["post-4101","post","type-post","status-publish","format-standard","has-post-thumbnail","hentry","category-mundo","category-sociedad"],"jetpack_publicize_connections":[],"jetpack_featured_media_url":"https:\/\/portalmovil.com.ar\/wp-content\/uploads\/2020\/03\/90920444_2023721511106848_2217985604883316736_n.jpg","jetpack_sharing_enabled":true,"amp_enabled":true,"_links":{"self":[{"href":"https:\/\/portalmovil.com.ar\/index.php\/wp-json\/wp\/v2\/posts\/4101","targetHints":{"allow":["GET"]}}],"collection":[{"href":"https:\/\/portalmovil.com.ar\/index.php\/wp-json\/wp\/v2\/posts"}],"about":[{"href":"https:\/\/portalmovil.com.ar\/index.php\/wp-json\/wp\/v2\/types\/post"}],"author":[{"embeddable":true,"href":"https:\/\/portalmovil.com.ar\/index.php\/wp-json\/wp\/v2\/users\/2"}],"replies":[{"embeddable":true,"href":"https:\/\/portalmovil.com.ar\/index.php\/wp-json\/wp\/v2\/comments?post=4101"}],"version-history":[{"count":1,"href":"https:\/\/portalmovil.com.ar\/index.php\/wp-json\/wp\/v2\/posts\/4101\/revisions"}],"predecessor-version":[{"id":4103,"href":"https:\/\/portalmovil.com.ar\/index.php\/wp-json\/wp\/v2\/posts\/4101\/revisions\/4103"}],"wp:featuredmedia":[{"embeddable":true,"href":"https:\/\/portalmovil.com.ar\/index.php\/wp-json\/wp\/v2\/media\/4102"}],"wp:attachment":[{"href":"https:\/\/portalmovil.com.ar\/index.php\/wp-json\/wp\/v2\/media?parent=4101"}],"wp:term":[{"taxonomy":"category","embeddable":true,"href":"https:\/\/portalmovil.com.ar\/index.php\/wp-json\/wp\/v2\/categories?post=4101"},{"taxonomy":"post_tag","embeddable":true,"href":"https:\/\/portalmovil.com.ar\/index.php\/wp-json\/wp\/v2\/tags?post=4101"}],"curies":[{"name":"wp","href":"https:\/\/api.w.org\/{rel}","templated":true}]}}