{"id":4098,"date":"2020-03-25T14:47:22","date_gmt":"2020-03-25T17:47:22","guid":{"rendered":"http:\/\/portalmovil.com.ar\/?p=4098"},"modified":"2020-03-25T14:47:26","modified_gmt":"2020-03-25T17:47:26","slug":"chaco-una-menor-de-7-anos-se-contagio-de-coronavirus-en-el-hospital-pediatrico","status":"publish","type":"post","link":"https:\/\/portalmovil.com.ar\/index.php\/2020\/03\/25\/chaco-una-menor-de-7-anos-se-contagio-de-coronavirus-en-el-hospital-pediatrico\/","title":{"rendered":"CHACO: Una menor de 7 a\u00f1os se contagi\u00f3 de coronavirus en el Hospital Pedi\u00e1trico"},"content":{"rendered":"\n<p>En la madrugada de este mi\u00e9rcoles, cerca de las 1.30, efectivos de la Comisar\u00eda de Misi\u00f3n Nueva Pompeya dieron a conocer un nuevo caso de\u00a0coronavirus. <\/p>\n\n\n\n<p>Se trata de una nena de siete a\u00f1os, quien se encuentra internada en el Hospital Pedi\u00e1trico, y habr\u00eda contra\u00eddo el virus en dicho lugar.<\/p>\n\n\n\n<p>Adem\u00e1s, el pap\u00e1 de la menor de edad, habr\u00eda viajado de Resistencia a Castelli, de donde son oriundos. El mismo podr\u00eda, eventualmente, ser portador del virus por contagio.<\/p>\n\n\n\n<p>Fabiana Rambados, coordinadora de la Regi\u00f3n Sanitaria V, denunci\u00f3 el hecho y solicit\u00f3 acompa\u00f1amiento policial, a fin de constatar el domicilio de familiares del hombre.<\/p>\n\n\n\n<p>La peque\u00f1a se encuentra internada desde hace varios meses en el Pedi\u00e1trico y se habr\u00eda contagiado del personal del lugar, por lo cual pas\u00f3 a una \u00absala de aislamiento\u00bb. Adem\u00e1s, dos m\u00e9dicas de dicha sala tambi\u00e9n dieron positivo y se encuentran cumpliendo aislamiento en sus hogares.<\/p>\n\n\n\n<p>Rambados notific\u00f3 dichas circunstancias a autoridades sanitarias de Castelli.<\/p>\n","protected":false},"excerpt":{"rendered":"<p>En la madrugada de este mi\u00e9rcoles, cerca de las 1.30, efectivos de la Comisar\u00eda de Misi\u00f3n Nueva Pompeya dieron a conocer un nuevo caso de\u00a0coronavirus. Se trata de una nena de siete a\u00f1os, quien se encuentra internada en el Hospital Pedi\u00e1trico, y habr\u00eda contra\u00eddo el virus en dicho lugar. Adem\u00e1s, el pap\u00e1 de la menor &hellip;<\/p>\n","protected":false},"author":2,"featured_media":4099,"comment_status":"open","ping_status":"open","sticky":false,"template":"","format":"standard","meta":{"_jetpack_memberships_contains_paid_content":false,"footnotes":"","jetpack_publicize_message":"","jetpack_publicize_feature_enabled":true,"jetpack_social_post_already_shared":true,"jetpack_social_options":{"image_generator_settings":{"template":"highway","default_image_id":0,"font":"","enabled":false},"version":2}},"categories":[5,46],"tags":[],"class_list":["post-4098","post","type-post","status-publish","format-standard","has-post-thumbnail","hentry","category-chaco","category-salud"],"jetpack_publicize_connections":[],"jetpack_featured_media_url":"https:\/\/portalmovil.com.ar\/wp-content\/uploads\/2020\/03\/0001129613.jpg","jetpack_sharing_enabled":true,"amp_enabled":true,"_links":{"self":[{"href":"https:\/\/portalmovil.com.ar\/index.php\/wp-json\/wp\/v2\/posts\/4098","targetHints":{"allow":["GET"]}}],"collection":[{"href":"https:\/\/portalmovil.com.ar\/index.php\/wp-json\/wp\/v2\/posts"}],"about":[{"href":"https:\/\/portalmovil.com.ar\/index.php\/wp-json\/wp\/v2\/types\/post"}],"author":[{"embeddable":true,"href":"https:\/\/portalmovil.com.ar\/index.php\/wp-json\/wp\/v2\/users\/2"}],"replies":[{"embeddable":true,"href":"https:\/\/portalmovil.com.ar\/index.php\/wp-json\/wp\/v2\/comments?post=4098"}],"version-history":[{"count":1,"href":"https:\/\/portalmovil.com.ar\/index.php\/wp-json\/wp\/v2\/posts\/4098\/revisions"}],"predecessor-version":[{"id":4100,"href":"https:\/\/portalmovil.com.ar\/index.php\/wp-json\/wp\/v2\/posts\/4098\/revisions\/4100"}],"wp:featuredmedia":[{"embeddable":true,"href":"https:\/\/portalmovil.com.ar\/index.php\/wp-json\/wp\/v2\/media\/4099"}],"wp:attachment":[{"href":"https:\/\/portalmovil.com.ar\/index.php\/wp-json\/wp\/v2\/media?parent=4098"}],"wp:term":[{"taxonomy":"category","embeddable":true,"href":"https:\/\/portalmovil.com.ar\/index.php\/wp-json\/wp\/v2\/categories?post=4098"},{"taxonomy":"post_tag","embeddable":true,"href":"https:\/\/portalmovil.com.ar\/index.php\/wp-json\/wp\/v2\/tags?post=4098"}],"curies":[{"name":"wp","href":"https:\/\/api.w.org\/{rel}","templated":true}]}}