{"id":40945,"date":"2021-09-24T21:11:23","date_gmt":"2021-09-25T00:11:23","guid":{"rendered":"https:\/\/portalmovil.com.ar\/?p=40945"},"modified":"2021-09-24T21:11:29","modified_gmt":"2021-09-25T00:11:29","slug":"el-gobierno-elimina-las-retenciones-a-las-exportaciones-de-servicios-a-partir-de-2022","status":"publish","type":"post","link":"https:\/\/portalmovil.com.ar\/index.php\/2021\/09\/24\/el-gobierno-elimina-las-retenciones-a-las-exportaciones-de-servicios-a-partir-de-2022\/","title":{"rendered":"El Gobierno elimina las retenciones a las exportaciones de servicios a partir de 2022"},"content":{"rendered":"\n<p>As\u00ed lo anunci\u00f3 el ministro de Econom\u00eda en el marco de una reuni\u00f3n con representantes de Argencon, Accenture, Globant, PWC, Ernest &amp; Young, Tax&amp;Legal, Laboratorios Bag\u00f3 y el INVAP, inform\u00f3 esta tarde la cartera econ\u00f3mica.<\/p>\n\n\n\n<figure class=\"wp-block-embed is-type-video is-provider-youtube wp-block-embed-youtube wp-embed-aspect-16-9 wp-has-aspect-ratio\"><div class=\"wp-block-embed__wrapper\">\n<amp-iframe\n                                width=\"16\"\n                                height=\"9\"\n                                layout=\"responsive\"\n                                sandbox=\"allow-scripts allow-same-origin\" src=\"\/\/mowplayer.com\/watch\/v-o3rU3S0bKH8?ratio=16:9\" frameborder=\"0\"\n                                allow=\"autoplay; encrypted-media\"\n                                allowfullscreen>\n                                <amp-img layout=\"fill\" src=\"https:\/\/cdn.mowplayer.com\/assets\/images\/mow.jpg\" placeholder><\/amp-img>\n                            <\/amp-iframe>\n                            <div data-mow_video=v-o3rU3S0bKH8><\/div>\n<\/div><\/figure>\n\n\n\n<p>El Gobierno Nacional anunci\u00f3 que eliminar\u00e1 a partir del primero de enero del a\u00f1o pr\u00f3ximo las retenciones a la exportaci\u00f3n de servicios producidos en el pa\u00eds y consumidos en el exterior, que generan unos US$ 5.700 millones al a\u00f1o, con el objetivo de fomentar la creaci\u00f3n de empleo de calidad.<\/p>\n\n\n\n<p>El anuncio lo realizaron los ministros de Econom\u00eda, Mart\u00edn Guzm\u00e1n; y su par de Desarrollo Productivo, Mat\u00edas Kulfas; durante un encuentro en el Palacio de Hacienda, informaron ambas carteras,<\/p>\n\n\n\n<p>En tanto, en representaci\u00f3n del sector estuvieron presentes Luis Galeazzi CEO de Argencon; Sergio Kaufman, presidente de Accenture; Nestor Nocetti, fundador de Globant; Santiago Mignone, presidente de PWC; Ver\u00f3nica Asla, CEO del Centro Global de Servicios de Ernest &amp; Young; Daniel Colinas, Director de la Comisi\u00f3n de Tax&amp;Legal; Sebasti\u00e1n Bag\u00f3, de Laboratorios Bag\u00f3, y Vicente Campenni, gerente general de INVAP.<\/p>\n\n\n\n<p>En este marco,&nbsp;<strong>Guzm\u00e1n explic\u00f3 que eliminar estas retenciones beneficiar\u00e1 a la producci\u00f3n de servicios intensivos en conocimiento y asegur\u00f3 que se trata de \u201cuna medida correcta desde el punto de vista de construir una estructura econ\u00f3mica m\u00e1s din\u00e1mica\u201d<\/strong>.<\/p>\n\n\n\n<p>Adem\u00e1s, calific\u00f3 a los servicios intensivos en conocimiento como \u201cun sector que es fundamental en la econom\u00eda, que es muy din\u00e1mico, genera trabajo, agrega valor y genera divisas\u201d.<\/p>\n\n\n\n<p>\u00abTrabajamos para fortalecer la industria de la Econom\u00eda del Conocimiento, que es s\u00edmbolo de calidad en el pa\u00eds\u00bb,MAT\u00cdAS KULFAS<\/p>\n\n\n\n<p>La exportaci\u00f3n de estos servicios gener\u00f3 ingresos por US$ 5.700 millones en el 2020, coloc\u00e1ndose como el segundo sector en ventas al exterior, solo superado por el sector oleaginoso.<\/p>\n\n\n\n<p>Guzm\u00e1n cuestion\u00f3 a la gesti\u00f3n de Juntos por el Cambio, al sostener que \u201chaber puesto derechos de exportaci\u00f3n para el sector en el a\u00f1o 2018 se hizo desde una mirada m\u00e1s bien fiscalista y no productiva\u201d, y asegur\u00f3 que el Gobierno seguir\u00e1 trabajando para \u201cdar previsibilidad sobre el a\u00f1o 2022\u201d para que el sector cuente con m\u00e1s certezas en sus planes de inversi\u00f3n y exportaci\u00f3n.<\/p>\n\n\n\n<p>Por su parte,&nbsp;<strong>Kulfas resalt\u00f3 el dinamismo del sector exportador de servicios y la capacidad de crear empleo de calidad de las empresas que lo componen<\/strong>.<\/p>\n\n\n\n<p>Por este motivo, el titular de Desarrollo Productivo sostuvo: \u201cApostamos a que este sector duplique sus exportaciones, duplique la cantidad de gente trabajando, apuntando a fortalecer la oferta de chicos y chicas que trabajen en el sector, con capacitaci\u00f3n\u201d.<\/p>\n\n\n\n<figure class=\"wp-block-embed is-type-rich is-provider-twitter wp-block-embed-twitter\"><div class=\"wp-block-embed__wrapper\">\n<div class=\"embed-twitter\"><blockquote class=\"twitter-tweet\" data-width=\"500\" data-dnt=\"true\"><p lang=\"es\" dir=\"ltr\">Trabajamos para fortalecer la industria de la Econom\u00eda del Conocimiento, que es s\u00edmbolo de calidad en el pa\u00eds.<br><br>Con este tipo de medidas estamos priorizando el agregado de valor y la generaci\u00f3n de empleo, dos aspectos centrales para la reconstrucci\u00f3n argentina. <a href=\"https:\/\/t.co\/AKn3ikYzuG\">https:\/\/t.co\/AKn3ikYzuG<\/a><\/p>&mdash; Mat\u00edas Kulfas (@KulfasM) <a href=\"https:\/\/twitter.com\/KulfasM\/status\/1441497297532055556?ref_src=twsrc%5Etfw\">September 24, 2021<\/a><\/blockquote><script async src=\"https:\/\/platform.twitter.com\/widgets.js\" charset=\"utf-8\"><\/script><\/div>\n<\/div><\/figure>\n\n\n\n<p>Guzm\u00e1n y Kulfas estuvieron acompa\u00f1ados por el secretario de Pol\u00edtica Tributaria, Roberto Arias, y la subsecretaria de Econom\u00eda del Conocimiento, Mar\u00eda Ap\u00f3lito.<\/p>\n\n\n\n<p>Arias insisti\u00f3 en el car\u00e1cter fiscalista que tuvo la decisi\u00f3n de la administraci\u00f3n anterior de gravar a las exportaciones de servicios y destac\u00f3 que \u201cen ning\u00fan lugar del mundo se aplican derechos aduaneros a los servicios\u201d.<\/p>\n\n\n\n<p><strong>La Ley de Solidaridad Social y Reactivaci\u00f3n Productiva, estableci\u00f3 en primer lugar una reducci\u00f3n de la al\u00edcuota al 5% que rigi\u00f3 durante todo el 2020, mientras que durante 2019 hab\u00eda sido entre 11% y 7%<\/strong>.<\/p>\n\n\n\n<p>A fines de ese a\u00f1o, con el decreto N\u00b0 1034\/2020 reglamentario de la Ley de Econom\u00eda del Conocimiento, se estableci\u00f3 que a partir del a\u00f1o 2021 aquellas empresas adheridas al R\u00e9gimen de Promoci\u00f3n de la Econom\u00eda del Conocimiento no pagar\u00edan derechos de exportaci\u00f3n.<\/p>\n\n\n\n<p>A partir del 1 de enero de 2022, tanto inscriptos como no, en el R\u00e9gimen no pagar\u00e1n derechos de exportaci\u00f3n<\/p>\n","protected":false},"excerpt":{"rendered":"<p>As\u00ed lo anunci\u00f3 el ministro de Econom\u00eda en el marco de una reuni\u00f3n con representantes de Argencon, Accenture, Globant, PWC, Ernest &#038; Young, Tax&#038;Legal, Laboratorios Bag\u00f3 y el INVAP, inform\u00f3 esta tarde la cartera econ\u00f3mica.<\/p>\n","protected":false},"author":2,"featured_media":40946,"comment_status":"open","ping_status":"open","sticky":false,"template":"","format":"standard","meta":{"_jetpack_memberships_contains_paid_content":false,"footnotes":"","jetpack_publicize_message":"","jetpack_publicize_feature_enabled":true,"jetpack_social_post_already_shared":true,"jetpack_social_options":{"image_generator_settings":{"template":"highway","default_image_id":0,"font":"","enabled":false},"version":2}},"categories":[175],"tags":[],"class_list":["post-40945","post","type-post","status-publish","format-standard","has-post-thumbnail","hentry","category-economia"],"jetpack_publicize_connections":[],"jetpack_featured_media_url":"https:\/\/portalmovil.com.ar\/wp-content\/uploads\/2021\/09\/614e367eba21c_1004x565.jpg","jetpack_sharing_enabled":true,"amp_enabled":true,"_links":{"self":[{"href":"https:\/\/portalmovil.com.ar\/index.php\/wp-json\/wp\/v2\/posts\/40945","targetHints":{"allow":["GET"]}}],"collection":[{"href":"https:\/\/portalmovil.com.ar\/index.php\/wp-json\/wp\/v2\/posts"}],"about":[{"href":"https:\/\/portalmovil.com.ar\/index.php\/wp-json\/wp\/v2\/types\/post"}],"author":[{"embeddable":true,"href":"https:\/\/portalmovil.com.ar\/index.php\/wp-json\/wp\/v2\/users\/2"}],"replies":[{"embeddable":true,"href":"https:\/\/portalmovil.com.ar\/index.php\/wp-json\/wp\/v2\/comments?post=40945"}],"version-history":[{"count":1,"href":"https:\/\/portalmovil.com.ar\/index.php\/wp-json\/wp\/v2\/posts\/40945\/revisions"}],"predecessor-version":[{"id":40947,"href":"https:\/\/portalmovil.com.ar\/index.php\/wp-json\/wp\/v2\/posts\/40945\/revisions\/40947"}],"wp:featuredmedia":[{"embeddable":true,"href":"https:\/\/portalmovil.com.ar\/index.php\/wp-json\/wp\/v2\/media\/40946"}],"wp:attachment":[{"href":"https:\/\/portalmovil.com.ar\/index.php\/wp-json\/wp\/v2\/media?parent=40945"}],"wp:term":[{"taxonomy":"category","embeddable":true,"href":"https:\/\/portalmovil.com.ar\/index.php\/wp-json\/wp\/v2\/categories?post=40945"},{"taxonomy":"post_tag","embeddable":true,"href":"https:\/\/portalmovil.com.ar\/index.php\/wp-json\/wp\/v2\/tags?post=40945"}],"curies":[{"name":"wp","href":"https:\/\/api.w.org\/{rel}","templated":true}]}}