{"id":4083,"date":"2020-03-25T12:19:31","date_gmt":"2020-03-25T15:19:31","guid":{"rendered":"http:\/\/portalmovil.com.ar\/?p=4083"},"modified":"2020-03-25T12:19:34","modified_gmt":"2020-03-25T15:19:34","slug":"estos-son-los-beneficiarios-de-la-suspension-de-corte-de-servicios","status":"publish","type":"post","link":"https:\/\/portalmovil.com.ar\/index.php\/2020\/03\/25\/estos-son-los-beneficiarios-de-la-suspension-de-corte-de-servicios\/","title":{"rendered":"Estos son los beneficiarios de la suspensi\u00f3n de corte de servicios"},"content":{"rendered":"\n<p>El presidente de la naci\u00f3n Alberto Fern\u00e1ndez firm\u00f3 un DNU que dispone la prohibici\u00f3n de los cortes de\u00a0<strong>\u00absuministro energ\u00eda el\u00e9ctrica, gas por redes y agua corriente, telefon\u00eda fija o m\u00f3vil e internet y TV por cable, por v\u00ednculo radioel\u00e9ctrico o satelital\u00bb.<\/strong><\/p>\n\n\n\n<p>Respecto a esta medida. Estos son los beneficiarios de la suspensi\u00f3n de cortes de servicios<\/p>\n\n\n\n<p>1)&nbsp;<strong>Las medidas dispuestas en los arts. 1 y 2 ser\u00e1n de aplicaci\u00f3n respecto de los siguientes usuarios residenciales:<\/strong><\/p>\n\n\n\n<ol class=\"wp-block-list\"><li>a) Beneficiarios y beneficiarias de la Asignaci\u00f3n Universal por Hijo (AUH) y la Asignaci\u00f3n por Embarazo;<\/li><li>b) Beneficiarios y beneficiarias de Pensiones no Contributivas que perciban ingresos mensuales brutos no superiores a dos (2) veces el Salario M\u00ednimo Vital y M\u00f3vil;<\/li><li>c) Usuarios inscriptos en el R\u00e9gimen de Monotributo Social;<\/li><li>d) Jubilados y jubiladas; pensionadas y pensionados; y trabajadores y trabajadoras en relaci\u00f3n de dependencia que perciban una remuneraci\u00f3n bruta menor o igual a dos (2) Salarios M\u00ednimos Vitales y M\u00f3viles;<\/li><li>e) Trabajadores monotributistas inscriptos en una categor\u00eda cuyo ingreso anual mensualizado no supere en dos (2) veces el Salario M\u00ednimo Vital y M\u00f3vil;<\/li><li>f) Usuarios que perciben seguro de desempleo;<\/li><li>g) Electrodependientes, beneficiarios de la Ley N\u00b027.351.<\/li><li>h) Usuarios incorporados en el R\u00e9gimen Especial de Seguridad Social para Empleados de Casas Particulares (26.844);<\/li><li>i) Exentos en el pago de ABL o tributos locales de igual naturaleza;<\/li><\/ol>\n\n\n\n<p>&nbsp;2)&nbsp;<strong>Las medidas dispuestas en los arts. 1 y 2 ser\u00e1n de aplicaci\u00f3n respecto de los siguientes usuarios no residenciales:<\/strong><\/p>\n\n\n\n<ol class=\"wp-block-list\"><li>a) las Micro, Peque\u00f1as y Medianas Empresas (MiPyMES), conforme lo dispuesto por la Ley N\u00b0 25.300 afectadas en la emergencia, seg\u00fan lo establezca la reglamentaci\u00f3n;<\/li><li>b) las Cooperativas de Trabajo o Empresas Recuperadas inscriptas en el Instituto Nacional de Econom\u00eda Social (INAES) afectadas en la emergencia, seg\u00fan lo establezca la reglamentaci\u00f3n;<\/li><li>c) las instituciones de salud, p\u00fablicas y privadas afectadas en la emergencia, seg\u00fan lo establezca la reglamentaci\u00f3n;<\/li><li>d) las Entidades de Bien P\u00fablico que contribuyan a la elaboraci\u00f3n y distribuci\u00f3n de alimentos en el marco de la emergencia alimentaria.<\/li><\/ol>\n\n\n\n<p><\/p>\n","protected":false},"excerpt":{"rendered":"<p>El presidente de la naci\u00f3n Alberto Fern\u00e1ndez firm\u00f3 un DNU que dispone la prohibici\u00f3n de los cortes de\u00a0\u00absuministro energ\u00eda el\u00e9ctrica, gas por redes y agua corriente, telefon\u00eda fija o m\u00f3vil e internet y TV por cable, por v\u00ednculo radioel\u00e9ctrico o satelital\u00bb. Respecto a esta medida. Estos son los beneficiarios de la suspensi\u00f3n de cortes de &hellip;<\/p>\n","protected":false},"author":2,"featured_media":4084,"comment_status":"open","ping_status":"open","sticky":false,"template":"","format":"standard","meta":{"_jetpack_memberships_contains_paid_content":false,"footnotes":"","jetpack_publicize_message":"","jetpack_publicize_feature_enabled":true,"jetpack_social_post_already_shared":true,"jetpack_social_options":{"image_generator_settings":{"template":"highway","default_image_id":0,"font":"","enabled":false},"version":2}},"categories":[12],"tags":[],"class_list":["post-4083","post","type-post","status-publish","format-standard","has-post-thumbnail","hentry","category-ultimo"],"jetpack_publicize_connections":[],"jetpack_featured_media_url":"https:\/\/portalmovil.com.ar\/wp-content\/uploads\/2020\/03\/202003251201041d503cf089f186d7c41e90745b456229.jpg","jetpack_sharing_enabled":true,"amp_enabled":true,"_links":{"self":[{"href":"https:\/\/portalmovil.com.ar\/index.php\/wp-json\/wp\/v2\/posts\/4083","targetHints":{"allow":["GET"]}}],"collection":[{"href":"https:\/\/portalmovil.com.ar\/index.php\/wp-json\/wp\/v2\/posts"}],"about":[{"href":"https:\/\/portalmovil.com.ar\/index.php\/wp-json\/wp\/v2\/types\/post"}],"author":[{"embeddable":true,"href":"https:\/\/portalmovil.com.ar\/index.php\/wp-json\/wp\/v2\/users\/2"}],"replies":[{"embeddable":true,"href":"https:\/\/portalmovil.com.ar\/index.php\/wp-json\/wp\/v2\/comments?post=4083"}],"version-history":[{"count":1,"href":"https:\/\/portalmovil.com.ar\/index.php\/wp-json\/wp\/v2\/posts\/4083\/revisions"}],"predecessor-version":[{"id":4085,"href":"https:\/\/portalmovil.com.ar\/index.php\/wp-json\/wp\/v2\/posts\/4083\/revisions\/4085"}],"wp:featuredmedia":[{"embeddable":true,"href":"https:\/\/portalmovil.com.ar\/index.php\/wp-json\/wp\/v2\/media\/4084"}],"wp:attachment":[{"href":"https:\/\/portalmovil.com.ar\/index.php\/wp-json\/wp\/v2\/media?parent=4083"}],"wp:term":[{"taxonomy":"category","embeddable":true,"href":"https:\/\/portalmovil.com.ar\/index.php\/wp-json\/wp\/v2\/categories?post=4083"},{"taxonomy":"post_tag","embeddable":true,"href":"https:\/\/portalmovil.com.ar\/index.php\/wp-json\/wp\/v2\/tags?post=4083"}],"curies":[{"name":"wp","href":"https:\/\/api.w.org\/{rel}","templated":true}]}}