{"id":4074,"date":"2020-03-25T11:58:55","date_gmt":"2020-03-25T14:58:55","guid":{"rendered":"http:\/\/portalmovil.com.ar\/?p=4074"},"modified":"2020-03-25T11:59:00","modified_gmt":"2020-03-25T14:59:00","slug":"brasil-jair-bolsonaro-descarta-la-cuarentena-por-saqueos","status":"publish","type":"post","link":"https:\/\/portalmovil.com.ar\/index.php\/2020\/03\/25\/brasil-jair-bolsonaro-descarta-la-cuarentena-por-saqueos\/","title":{"rendered":"BRASIL: Jair Bolsonaro descarta la cuarentena por \u00absaqueos\u00bb"},"content":{"rendered":"\n<p>El presidente\u00a0Jair Bolsonaro\u00a0afirm\u00f3 este mi\u00e9rcoles que\u00a0<strong>Brasil<\/strong>\u00a0se enfrenta a un \u201c<strong>horizonte de caos<\/strong>\u201d con\u00a0<strong>saqueos y violencia<\/strong>\u00a0callejera similar a las protestas iniciadas en 2019 en Chile en caso de que \u201cno se vuelva a la normalidad\u201d y se levanten las restricciones en las ciudades contra el nuevo\u00a0coronavirus, que ya mat\u00f3 a 46 brasile\u00f1os.<\/p>\n\n\n\n<p>\u201c<strong>El caos est\u00e1 en nuestra cara. Podemos tener saqueos. Vamos a tener caos y virus: necesitamos que el pueblo vuelva a trabajar<\/strong>\u201d, dijo el Presidente de Brasil al salir de la residencia presidencial, el Palacio de la Alvorada, en la cual defendi\u00f3 al presidente de Estados Unidos, Donald Trump y sostuvo que \u201clos gobernadores son irresponsables en parar la econom\u00eda con sus medidas\u201d.<\/p>\n\n\n\n<p>Hace tan solo dos d\u00edas, Jair Bolsonaro hab\u00eda firmado un decreto que autorizaba a las patronales dejar de pagar por hasta cuatro meses los salarios de sus trabajadores. Horas m\u00e1s tarde, en las redes sociales<strong>&nbsp;revoc\u00f3 el art\u00edculo sobre flexibilzaic\u00f3n laboral<\/strong>&nbsp;<strong>en medio de la ola de indignaci\u00f3n<\/strong>&nbsp;que la disposici\u00f3n hab\u00eda generado en el Congreso, la oposici\u00f3n y el Poder Judicial.<\/p>\n\n\n\n<p>Bolsonaro convoc\u00f3 a una videoconferencia con el ministro de Econom\u00eda, Paulo Guedes, para revisar la medida, que estuvo en vigor desde el domingo a la noche hasta este mediod\u00eda.<\/p>\n\n\n\n<p>El presidente de la C\u00e1mara de Diputados, Rodrigo Maia, del partido derechista Dem\u00f3cratas, afirm\u00f3 que el art\u00edculo en cuesti\u00f3n gener\u00f3 \u00ab<strong>p\u00e1nico en la sociedad<\/strong>\u00bb y propuso trabajar con el Poder Ejecutivo para consensuar normas de protecci\u00f3n de los empleos ante la \u00ab<strong>coronacrisis<\/strong>\u00bb en medio de la pandemia de coronavirus.<\/p>\n\n\n\n<p>Jair Bolsonaro hab\u00eda defendido la medida a la ma\u00f1ana con el argumento que \u00abes mejor que ser despedido\u00bb y que \u00ab<strong>los empleos est\u00e1n siendo exterminados<\/strong>\u00bb con la pandemia del coronavirus.<\/p>\n\n\n\n<p>A pedido de un grupo de empresarios amigos que los respaldan en las redes sociales, Bolsonaro hab\u00eda firmado&nbsp;<strong>un decreto provisorio que incluye<\/strong>&nbsp;<strong>tambi\u00e9n la anticipaci\u00f3n forzada de vacaciones, francos compensatorios y suspensi\u00f3n de las obligaciones de las empresas en cuesti\u00f3n de salubridad.<\/strong><\/p>\n","protected":false},"excerpt":{"rendered":"<p>El presidente\u00a0Jair Bolsonaro\u00a0afirm\u00f3 este mi\u00e9rcoles que\u00a0Brasil\u00a0se enfrenta a un \u201chorizonte de caos\u201d con\u00a0saqueos y violencia\u00a0callejera similar a las protestas iniciadas en 2019 en Chile en caso de que \u201cno se vuelva a la normalidad\u201d y se levanten las restricciones en las ciudades contra el nuevo\u00a0coronavirus, que ya mat\u00f3 a 46 brasile\u00f1os. \u201cEl caos est\u00e1 en &hellip;<\/p>\n","protected":false},"author":2,"featured_media":4075,"comment_status":"open","ping_status":"open","sticky":false,"template":"","format":"standard","meta":{"_jetpack_memberships_contains_paid_content":false,"footnotes":"","jetpack_publicize_message":"","jetpack_publicize_feature_enabled":true,"jetpack_social_post_already_shared":true,"jetpack_social_options":{"image_generator_settings":{"template":"highway","default_image_id":0,"font":"","enabled":false},"version":2}},"categories":[17],"tags":[],"class_list":["post-4074","post","type-post","status-publish","format-standard","has-post-thumbnail","hentry","category-mundo"],"jetpack_publicize_connections":[],"jetpack_featured_media_url":"https:\/\/portalmovil.com.ar\/wp-content\/uploads\/2020\/03\/Bolsonaro.jpg","jetpack_sharing_enabled":true,"amp_enabled":true,"_links":{"self":[{"href":"https:\/\/portalmovil.com.ar\/index.php\/wp-json\/wp\/v2\/posts\/4074","targetHints":{"allow":["GET"]}}],"collection":[{"href":"https:\/\/portalmovil.com.ar\/index.php\/wp-json\/wp\/v2\/posts"}],"about":[{"href":"https:\/\/portalmovil.com.ar\/index.php\/wp-json\/wp\/v2\/types\/post"}],"author":[{"embeddable":true,"href":"https:\/\/portalmovil.com.ar\/index.php\/wp-json\/wp\/v2\/users\/2"}],"replies":[{"embeddable":true,"href":"https:\/\/portalmovil.com.ar\/index.php\/wp-json\/wp\/v2\/comments?post=4074"}],"version-history":[{"count":1,"href":"https:\/\/portalmovil.com.ar\/index.php\/wp-json\/wp\/v2\/posts\/4074\/revisions"}],"predecessor-version":[{"id":4076,"href":"https:\/\/portalmovil.com.ar\/index.php\/wp-json\/wp\/v2\/posts\/4074\/revisions\/4076"}],"wp:featuredmedia":[{"embeddable":true,"href":"https:\/\/portalmovil.com.ar\/index.php\/wp-json\/wp\/v2\/media\/4075"}],"wp:attachment":[{"href":"https:\/\/portalmovil.com.ar\/index.php\/wp-json\/wp\/v2\/media?parent=4074"}],"wp:term":[{"taxonomy":"category","embeddable":true,"href":"https:\/\/portalmovil.com.ar\/index.php\/wp-json\/wp\/v2\/categories?post=4074"},{"taxonomy":"post_tag","embeddable":true,"href":"https:\/\/portalmovil.com.ar\/index.php\/wp-json\/wp\/v2\/tags?post=4074"}],"curies":[{"name":"wp","href":"https:\/\/api.w.org\/{rel}","templated":true}]}}