{"id":40642,"date":"2021-09-21T20:50:34","date_gmt":"2021-09-21T23:50:34","guid":{"rendered":"https:\/\/portalmovil.com.ar\/?p=40642"},"modified":"2021-09-21T20:50:36","modified_gmt":"2021-09-21T23:50:36","slug":"que-anoto-macri-durante-la-cumbre-de-juntos-por-el-cambio","status":"publish","type":"post","link":"https:\/\/portalmovil.com.ar\/index.php\/2021\/09\/21\/que-anoto-macri-durante-la-cumbre-de-juntos-por-el-cambio\/","title":{"rendered":"Qu\u00e9 anot\u00f3 Macri durante la cumbre de Juntos por el Cambio"},"content":{"rendered":"\n<p>Maradona grit\u00f3 que Mauricio no sab\u00eda hablar. Bien podr\u00eda enfatizar ahora que tampoco escribir. Error infantil y varias letras omitidas.<\/p>\n\n\n\n<p>\u00ab\u00a1No sabe hablar!\u00bb, gritaba en el viejo living de\u00a0<em>C5N\u00a0<\/em>el eterno genio del f\u00fatbol mundial. Diego Armando Maradona cuestionaba en 2016 que el por entonces presidente Mauricio Macri era menos locuaz que \u00e9l, pese a tener mayor formaci\u00f3n acad\u00e9mica. Si el mejor de todos los tiempos viera este apunte que tom\u00f3 en la cumbre de Juntos por el Cambio, bien podr\u00eda decir \u00ab<strong>No sabe escribir\u00bb.<\/strong><\/p>\n\n\n\n<h2 class=\"wp-block-heading\">Qu\u00e9 anot\u00f3 Macri durante la cumbre de Juntos por el Cambio<\/h2>\n\n\n\n<p>Mariano Perrino, camar\u00f3grado de&nbsp;<em>C5N<\/em>, capt\u00f3 con su aguda lente el papel del ex presidente. Parec\u00edan garabatos por su forma infantil de tomar la birome, pero finalmente se vio que era una suerte de ayudamemoria.<\/p>\n\n\n\n<figure class=\"wp-block-image size-large\"><img loading=\"lazy\" decoding=\"async\" width=\"1024\" height=\"569\" src=\"https:\/\/portalmovil.com.ar\/wp-content\/uploads\/2021\/09\/macrijpg-1024x569.jpg\" alt=\"\" class=\"wp-image-40643\" srcset=\"https:\/\/portalmovil.com.ar\/wp-content\/uploads\/2021\/09\/macrijpg-1024x569.jpg 1024w, https:\/\/portalmovil.com.ar\/wp-content\/uploads\/2021\/09\/macrijpg-300x167.jpg 300w, https:\/\/portalmovil.com.ar\/wp-content\/uploads\/2021\/09\/macrijpg-768x427.jpg 768w, https:\/\/portalmovil.com.ar\/wp-content\/uploads\/2021\/09\/macrijpg-800x445.jpg 800w, https:\/\/portalmovil.com.ar\/wp-content\/uploads\/2021\/09\/macrijpg.jpg 1440w\" sizes=\"auto, (max-width: 1024px) 100vw, 1024px\" \/><\/figure>\n\n\n\n<ul class=\"wp-block-list\"><li>\u00ab14 de nobiembre de 2021\u00bb (s\u00ed, noBiembre con \u00abB\u00bb de burro y no con \u00abV\u00bb de verg\u00fcenza como corresponder\u00eda)<\/li><li>Acompa\u00f1ar a lagente (\u00bfTodo junto adrede?<\/li><li>Pademia (sin la \u00abN\u00bb pong\u00e1mosle por el apuro)<\/li><li>Econom\u00eda destrozada (\u00bfBalance de su propia gesti\u00f3n?)<\/li><li>Movilizaci\u00f3n pac\u00edfica (Spoiler: vuelven las marchas \u00abpor la Rep\u00fablica\u00bb aunque no haya t\u00f3pico ni motivo a\u00fan)<\/li><li>Institucionalida (sin la \u00abD\u00bb pong\u00e1mosle por el apuro)<\/li><li>Agradecimientos (para no olvidarse de agradecer)<\/li><\/ul>\n\n\n\n<p>Tras el encuentro,\u00a0<strong>Macri increp\u00f3 a Diego Santilli\u00a0<\/strong>a la vista de todos. Sin \u00abEl Colo\u00bb, sacaron una foto como para dar una sensaci\u00f3n de unidad en la alianza opositora.<\/p>\n","protected":false},"excerpt":{"rendered":"<p>Maradona grit\u00f3 que Mauricio no sab\u00eda hablar. Bien podr\u00eda enfatizar ahora que tampoco escribir. Error infantil y varias letras omitidas.<\/p>\n","protected":false},"author":2,"featured_media":40644,"comment_status":"open","ping_status":"open","sticky":false,"template":"","format":"standard","meta":{"_jetpack_memberships_contains_paid_content":false,"footnotes":"","jetpack_publicize_message":"","jetpack_publicize_feature_enabled":true,"jetpack_social_post_already_shared":true,"jetpack_social_options":{"image_generator_settings":{"template":"highway","default_image_id":0,"font":"","enabled":false},"version":2}},"categories":[3],"tags":[],"class_list":["post-40642","post","type-post","status-publish","format-standard","has-post-thumbnail","hentry","category-sociedad"],"jetpack_publicize_connections":[],"jetpack_featured_media_url":"https:\/\/portalmovil.com.ar\/wp-content\/uploads\/2021\/09\/macri-juntosjpg.jpg","jetpack_sharing_enabled":true,"amp_enabled":true,"_links":{"self":[{"href":"https:\/\/portalmovil.com.ar\/index.php\/wp-json\/wp\/v2\/posts\/40642","targetHints":{"allow":["GET"]}}],"collection":[{"href":"https:\/\/portalmovil.com.ar\/index.php\/wp-json\/wp\/v2\/posts"}],"about":[{"href":"https:\/\/portalmovil.com.ar\/index.php\/wp-json\/wp\/v2\/types\/post"}],"author":[{"embeddable":true,"href":"https:\/\/portalmovil.com.ar\/index.php\/wp-json\/wp\/v2\/users\/2"}],"replies":[{"embeddable":true,"href":"https:\/\/portalmovil.com.ar\/index.php\/wp-json\/wp\/v2\/comments?post=40642"}],"version-history":[{"count":1,"href":"https:\/\/portalmovil.com.ar\/index.php\/wp-json\/wp\/v2\/posts\/40642\/revisions"}],"predecessor-version":[{"id":40645,"href":"https:\/\/portalmovil.com.ar\/index.php\/wp-json\/wp\/v2\/posts\/40642\/revisions\/40645"}],"wp:featuredmedia":[{"embeddable":true,"href":"https:\/\/portalmovil.com.ar\/index.php\/wp-json\/wp\/v2\/media\/40644"}],"wp:attachment":[{"href":"https:\/\/portalmovil.com.ar\/index.php\/wp-json\/wp\/v2\/media?parent=40642"}],"wp:term":[{"taxonomy":"category","embeddable":true,"href":"https:\/\/portalmovil.com.ar\/index.php\/wp-json\/wp\/v2\/categories?post=40642"},{"taxonomy":"post_tag","embeddable":true,"href":"https:\/\/portalmovil.com.ar\/index.php\/wp-json\/wp\/v2\/tags?post=40642"}],"curies":[{"name":"wp","href":"https:\/\/api.w.org\/{rel}","templated":true}]}}