{"id":40478,"date":"2021-09-20T10:36:24","date_gmt":"2021-09-20T13:36:24","guid":{"rendered":"https:\/\/portalmovil.com.ar\/?p=40478"},"modified":"2021-09-20T10:36:26","modified_gmt":"2021-09-20T13:36:26","slug":"arranca-la-segunda-etapa-de-actividades-por-el-mes-de-la-juventud-en-barranqueras","status":"publish","type":"post","link":"https:\/\/portalmovil.com.ar\/index.php\/2021\/09\/20\/arranca-la-segunda-etapa-de-actividades-por-el-mes-de-la-juventud-en-barranqueras\/","title":{"rendered":"Arranca la segunda etapa de actividades por el \u00abMes de la Juventud\u00bb en Barranqueras"},"content":{"rendered":"\n<p>La municipalidad de Barranqueras a trav\u00e9s del \u00e1rea de juventud y familia lleva a cabo una serie de actividades en el marco del mes de la juventud, en este sentido se refiri\u00f3 el coordinador del \u00c1rea Nicol\u00e1s Suarez: \u201c empezamos esta 2\u00aa etapa del mes de las juventudes, ma\u00f1ana\u00a0 martes 21 de septiembre, d\u00eda del estudiante y de la primavera, vamos a festejarlo en la Plaza Sarmiento a partir de las 17 horas, invitamos a todos y a todas a participar, a las familias porque no es s\u00f3lo para los estudiantes, vamos a empezar con show de DJ, va a\u00a0 haber escuelas de baile y vamos a cerrar con la Banda de cumbia La Previa\u201d.<\/p>\n\n\n\n<p>La agenda para los j\u00f3venes contin\u00faa \u201cel&nbsp; viernes en la Costanerita,&nbsp; vamos a tener m\u00fasica tecno para la otra rama de lo que esa juventud,&nbsp; hay muchos a los que le interesa a la m\u00fasica tecno, m\u00fasica electr\u00f3nica, Vamos a estar desde las 22 hasta las 2 de la ma\u00f1ana aproximadamente, lo estamos organizando y vamos a hacer show en distintos Barrios, en ese caso lo vamos a hacer itinerante, con bandas de m\u00fasica&nbsp; cultural\u201d. adelant\u00f3 a Noticias del Paran\u00e1.<\/p>\n\n\n\n<p><strong>EL CIERRE<\/strong><\/p>\n\n\n\n<p>\u201cEl s\u00e1bado 9 de octubre va a ser exclusivo para 4\u00b0 y 5\u00ba a\u00f1o,&nbsp; 5\u00ba y 6\u00ba de escuelas t\u00e9cnicas,&nbsp; el cierre de el mes de la juventud con Viento Norte y otras bandas presentes, va a estar la academia de baile ExpreArte y vamos a tener muchas sorpresas\u201d.<\/p>\n\n\n\n<p>&nbsp;Record\u00f3 que en ese marco se realizar\u00e1 el sorteo \u201cd\u00f3nde va a haber una promoci\u00f3n ganadora, a la que se la va a pagar la promoci\u00f3n por parte del municipio, as\u00ed que va a ser una experiencia muy fruct\u00edfera para todos los estudiantes, para toda la juventud de general\u201d.<\/p>\n","protected":false},"excerpt":{"rendered":"<p>La municipalidad de Barranqueras a trav\u00e9s del \u00e1rea de juventud y familia lleva a cabo una serie de actividades en el marco del mes de la juventud, en este sentido se refiri\u00f3 el coordinador del \u00c1rea Nicol\u00e1s Suarez: \u201c empezamos esta 2\u00aa etapa del mes de las juventudes, ma\u00f1ana\u00a0 martes 21 de septiembre, d\u00eda del &hellip;<\/p>\n","protected":false},"author":2,"featured_media":40479,"comment_status":"open","ping_status":"open","sticky":false,"template":"","format":"standard","meta":{"_jetpack_memberships_contains_paid_content":false,"footnotes":"","jetpack_publicize_message":"","jetpack_publicize_feature_enabled":true,"jetpack_social_post_already_shared":true,"jetpack_social_options":{"image_generator_settings":{"template":"highway","default_image_id":0,"font":"","enabled":false},"version":2}},"categories":[28,5],"tags":[],"class_list":["post-40478","post","type-post","status-publish","format-standard","has-post-thumbnail","hentry","category-actualidad","category-chaco"],"jetpack_publicize_connections":[],"jetpack_featured_media_url":"https:\/\/portalmovil.com.ar\/wp-content\/uploads\/2021\/09\/DIA-DEL-ESTUDIANTE-BQRAS-2021.jpg","jetpack_sharing_enabled":true,"amp_enabled":true,"_links":{"self":[{"href":"https:\/\/portalmovil.com.ar\/index.php\/wp-json\/wp\/v2\/posts\/40478","targetHints":{"allow":["GET"]}}],"collection":[{"href":"https:\/\/portalmovil.com.ar\/index.php\/wp-json\/wp\/v2\/posts"}],"about":[{"href":"https:\/\/portalmovil.com.ar\/index.php\/wp-json\/wp\/v2\/types\/post"}],"author":[{"embeddable":true,"href":"https:\/\/portalmovil.com.ar\/index.php\/wp-json\/wp\/v2\/users\/2"}],"replies":[{"embeddable":true,"href":"https:\/\/portalmovil.com.ar\/index.php\/wp-json\/wp\/v2\/comments?post=40478"}],"version-history":[{"count":1,"href":"https:\/\/portalmovil.com.ar\/index.php\/wp-json\/wp\/v2\/posts\/40478\/revisions"}],"predecessor-version":[{"id":40480,"href":"https:\/\/portalmovil.com.ar\/index.php\/wp-json\/wp\/v2\/posts\/40478\/revisions\/40480"}],"wp:featuredmedia":[{"embeddable":true,"href":"https:\/\/portalmovil.com.ar\/index.php\/wp-json\/wp\/v2\/media\/40479"}],"wp:attachment":[{"href":"https:\/\/portalmovil.com.ar\/index.php\/wp-json\/wp\/v2\/media?parent=40478"}],"wp:term":[{"taxonomy":"category","embeddable":true,"href":"https:\/\/portalmovil.com.ar\/index.php\/wp-json\/wp\/v2\/categories?post=40478"},{"taxonomy":"post_tag","embeddable":true,"href":"https:\/\/portalmovil.com.ar\/index.php\/wp-json\/wp\/v2\/tags?post=40478"}],"curies":[{"name":"wp","href":"https:\/\/api.w.org\/{rel}","templated":true}]}}