{"id":40470,"date":"2021-09-20T08:41:26","date_gmt":"2021-09-20T11:41:26","guid":{"rendered":"https:\/\/portalmovil.com.ar\/?p=40470"},"modified":"2021-09-20T08:41:30","modified_gmt":"2021-09-20T11:41:30","slug":"covid-19-cronograma-de-vacunacion-para-el-area-metropolitana","status":"publish","type":"post","link":"https:\/\/portalmovil.com.ar\/index.php\/2021\/09\/20\/covid-19-cronograma-de-vacunacion-para-el-area-metropolitana\/","title":{"rendered":"COVID-19: cronograma de vacunaci\u00f3n para el \u00c1rea Metropolitana"},"content":{"rendered":"\n<p>El Ministerio de Salud de la provincia dio a conocer el cronograma de vacunaci\u00f3n contra la COVID-19 para este lunes.<\/p>\n\n\n\n<p>*Primeras dosis de Sputnik V para mayores de 18 a\u00f1os (tambi\u00e9n hay disponibilidad de vacunas antigripales):<\/p>\n\n\n\n<p>Resistencia: Centro de Convenciones Gala las 24 horas, Club Central Norte, de 9 a 15:30; Escuela de Salud P\u00fablica, de 7 a 13 y Escuela de Polic\u00eda, de 7 a 13.<\/p>\n\n\n\n<p>Fontana: Hospital Luis Fleitas de 9 a 15.30.<\/p>\n\n\n\n<p>Barranqueras: Centro Cultural La Flota de 9 a 15.30.<\/p>\n\n\n\n<p>Vilelas: Casa de las Culturas, de 9 a 14<\/p>\n\n\n\n<p>*Segundas dosis de Sinopharm, para quienes cumplieron 21 d\u00edas de aplicaci\u00f3n de la primera dosis (tambi\u00e9n hay disponibilidad de vacunas antigripales):<\/p>\n\n\n\n<p>Resistencia: Centro de Convenciones Gala las 24 horas, Club Central Norte, de 9 a 15:30; Escuela de Salud P\u00fablica, de 7 a 13 y Escuela de Polic\u00eda, de 7 a 13.<\/p>\n\n\n\n<p>Fontana: Hospital Luis Fleitas de 9 a 15.30.<\/p>\n\n\n\n<p>Barranqueras: Centro Cultural La Flota de 9 a 15.30.<\/p>\n\n\n\n<p>Vilelas: Casa de las Culturas, de 9 a 14<\/p>\n\n\n\n<p>*Moderna, para completar esquema de poblaci\u00f3n priorizada de 12 a 17 a\u00f1os que haya completado 28 d\u00edas de intervalo m\u00ednimo:<\/p>\n\n\n\n<p>Resistencia: Centro de Convenciones Gala las 24 horas, Escuela de Salud P\u00fablica, de 7 a 13 y Escuela de Polic\u00eda, de 7 a 13.<\/p>\n\n\n\n<p>Fontana: Hospital Luis Fleitas de 9 a 15.30.<\/p>\n\n\n\n<p>Barranqueras: Centro Cultural La Flota de 9 a 15.30.<\/p>\n\n\n\n<p>*Segundas dosis de AstraZeneca, para quienes cumplieron 8 semanas de aplicaci\u00f3n de la primera dosis (tambi\u00e9n hay disponibilidad de vacunas antigripales):<\/p>\n\n\n\n<p>Resistencia: Centro de Convenciones Gala las 24 horas, Club Central Norte, de 9 a 15:30; Escuela de Salud P\u00fablica, de 7 a 13 y Escuela de Polic\u00eda, de 7 a 13.<\/p>\n\n\n\n<p>Fontana: Hospital Luis Fleitas de 9 a 15.30.<\/p>\n\n\n\n<p>Barranqueras: Centro Cultural La Flota de 9 a 15.30.<\/p>\n\n\n\n<p>Vilelas: Casa de las Culturas, de 9 a 14<\/p>\n\n\n\n<p>*Segunda dosis de Sputnik V, para personas mayores de 18 a 54 a\u00f1os con factor de riesgo, y mayor de 55 sin factor de riesgo s\u00f3lo con DNI:<\/p>\n\n\n\n<p>Resistencia: Centro de Convenciones Gala las 24 horas, Club Central Norte, de 9 a 15:30; Escuela de Salud P\u00fablica, de 7 a 13 y Escuela de Polic\u00eda, de 7 a 13.<\/p>\n\n\n\n<p>Fontana: Hospital Luis Fleitas de 9 a 15.30.<\/p>\n\n\n\n<p>Barranqueras: Centro Cultural La Flota de 9 a 15.30.<\/p>\n\n\n\n<p>Vilelas: Casa de las Culturas, de 9 a 14<\/p>\n\n\n\n<p>*Primera dosis de Pfizer para poblaci\u00f3n de 12 a 17 a\u00f1os con factor de riesgo, con certificado m\u00e9dico, Historia Cl\u00ednica y Certificado \u00danico de Discapacidad.<\/p>\n\n\n\n<p>Resistencia: Centro de Convenciones Gala las 24 horas.<\/p>\n","protected":false},"excerpt":{"rendered":"<p>El Ministerio de Salud de la provincia dio a conocer el cronograma de vacunaci\u00f3n contra la COVID-19 para este lunes. *Primeras dosis de Sputnik V para mayores de 18 a\u00f1os (tambi\u00e9n hay disponibilidad de vacunas antigripales): Resistencia: Centro de Convenciones Gala las 24 horas, Club Central Norte, de 9 a 15:30; Escuela de Salud P\u00fablica, &hellip;<\/p>\n","protected":false},"author":2,"featured_media":37399,"comment_status":"open","ping_status":"open","sticky":false,"template":"","format":"standard","meta":{"_jetpack_memberships_contains_paid_content":false,"footnotes":"","jetpack_publicize_message":"","jetpack_publicize_feature_enabled":true,"jetpack_social_post_already_shared":true,"jetpack_social_options":{"image_generator_settings":{"template":"highway","default_image_id":0,"font":"","enabled":false},"version":2}},"categories":[5,46],"tags":[],"class_list":["post-40470","post","type-post","status-publish","format-standard","has-post-thumbnail","hentry","category-chaco","category-salud"],"jetpack_publicize_connections":[],"jetpack_featured_media_url":"https:\/\/portalmovil.com.ar\/wp-content\/uploads\/2021\/08\/09-02-21-vacunacion-696x465-1.jpg","jetpack_sharing_enabled":true,"amp_enabled":true,"_links":{"self":[{"href":"https:\/\/portalmovil.com.ar\/index.php\/wp-json\/wp\/v2\/posts\/40470","targetHints":{"allow":["GET"]}}],"collection":[{"href":"https:\/\/portalmovil.com.ar\/index.php\/wp-json\/wp\/v2\/posts"}],"about":[{"href":"https:\/\/portalmovil.com.ar\/index.php\/wp-json\/wp\/v2\/types\/post"}],"author":[{"embeddable":true,"href":"https:\/\/portalmovil.com.ar\/index.php\/wp-json\/wp\/v2\/users\/2"}],"replies":[{"embeddable":true,"href":"https:\/\/portalmovil.com.ar\/index.php\/wp-json\/wp\/v2\/comments?post=40470"}],"version-history":[{"count":1,"href":"https:\/\/portalmovil.com.ar\/index.php\/wp-json\/wp\/v2\/posts\/40470\/revisions"}],"predecessor-version":[{"id":40471,"href":"https:\/\/portalmovil.com.ar\/index.php\/wp-json\/wp\/v2\/posts\/40470\/revisions\/40471"}],"wp:featuredmedia":[{"embeddable":true,"href":"https:\/\/portalmovil.com.ar\/index.php\/wp-json\/wp\/v2\/media\/37399"}],"wp:attachment":[{"href":"https:\/\/portalmovil.com.ar\/index.php\/wp-json\/wp\/v2\/media?parent=40470"}],"wp:term":[{"taxonomy":"category","embeddable":true,"href":"https:\/\/portalmovil.com.ar\/index.php\/wp-json\/wp\/v2\/categories?post=40470"},{"taxonomy":"post_tag","embeddable":true,"href":"https:\/\/portalmovil.com.ar\/index.php\/wp-json\/wp\/v2\/tags?post=40470"}],"curies":[{"name":"wp","href":"https:\/\/api.w.org\/{rel}","templated":true}]}}