{"id":40389,"date":"2021-09-18T17:04:33","date_gmt":"2021-09-18T20:04:33","guid":{"rendered":"https:\/\/portalmovil.com.ar\/?p=40389"},"modified":"2021-09-18T17:04:35","modified_gmt":"2021-09-18T20:04:35","slug":"fin-de-semana-con-alternativas-de-esparcimiento-y-feria-de-emprendedores-en-el-paseo-costanero","status":"publish","type":"post","link":"https:\/\/portalmovil.com.ar\/index.php\/2021\/09\/18\/fin-de-semana-con-alternativas-de-esparcimiento-y-feria-de-emprendedores-en-el-paseo-costanero\/","title":{"rendered":"Fin de semana con alternativas de esparcimiento y feria de emprendedores en el Paseo Costanero"},"content":{"rendered":"\n<p>Este s\u00e1bado y domingo a partir de las 18 horas, la Municipalidad de Resistencia invita a los vecinos a la quinta edici\u00f3n de FeriArte en el Paseo Costanero del Domo del Centenario. Se podr\u00e1 disfrutar de artistas pl\u00e1sticos, bandas en vivo, DJ, productos de emprendedores, food truck y cerveceros artesanales.<\/p>\n\n\n\n<p>El evento est\u00e1 destinado a promover la cultura local e impulsar el desarrollo econ\u00f3mico de emprendedores.<\/p>\n\n\n\n<p>Debido a las medidas de bioseguridad exigidas por la pandemia de COVID-19 se debe asistir con barbijo y mantener el distanciamiento social.<\/p>\n\n\n\n<p>A fin de que los vecinos de Resistencia disfruten de la cultura regional al aire libre, en esta edici\u00f3n se destacar\u00e1n artesanos, artistas pintando en vivo, bandas, DJ, emprendedores gastron\u00f3micos, cerveceros artesanales y adem\u00e1s el domingo se sumar\u00e1n los \u201cMercados de la Ciudad\u201d.<\/p>\n\n\n\n<p>Se destacar\u00e1n bandas como Fall In Groove, Melyna Enrique, &nbsp;el d\u00fao Jei y Ed, la compa\u00f1\u00eda de baile \u201cMomento\u201d, la academia \u201cBuena Vida\u201d, entre otros. Adem\u00e1s en el marco del d\u00eda del escultor y el artista pl\u00e1stico, en esta edici\u00f3n habr\u00e1 un segmento especial dedicado a artistas pl\u00e1sticos de la regi\u00f3n que pintar\u00e1n en vivo como ser Calo Zu\u00f1iga, Cecilia C\u00f3rdoba, Gralesi, Javier Acu\u00f1a, Melinda Muriel, Chuky Ferreyra, Lorenzo German y Cosa Bella.<\/p>\n","protected":false},"excerpt":{"rendered":"<p>Este s\u00e1bado y domingo a partir de las 18 horas, la Municipalidad de Resistencia invita a los vecinos a la quinta edici\u00f3n de FeriArte en el Paseo Costanero del Domo del Centenario. Se podr\u00e1 disfrutar de artistas pl\u00e1sticos, bandas en vivo, DJ, productos de emprendedores, food truck y cerveceros artesanales. El evento est\u00e1 destinado a &hellip;<\/p>\n","protected":false},"author":2,"featured_media":40390,"comment_status":"open","ping_status":"open","sticky":false,"template":"","format":"standard","meta":{"_jetpack_memberships_contains_paid_content":false,"footnotes":"","jetpack_publicize_message":"","jetpack_publicize_feature_enabled":true,"jetpack_social_post_already_shared":true,"jetpack_social_options":{"image_generator_settings":{"template":"highway","default_image_id":0,"font":"","enabled":false},"version":2}},"categories":[14,37],"tags":[],"class_list":["post-40389","post","type-post","status-publish","format-standard","has-post-thumbnail","hentry","category-politica","category-resistencia"],"jetpack_publicize_connections":[],"jetpack_featured_media_url":"https:\/\/portalmovil.com.ar\/wp-content\/uploads\/2021\/09\/17-09-21-feria-696x522-1.jpg","jetpack_sharing_enabled":true,"amp_enabled":true,"_links":{"self":[{"href":"https:\/\/portalmovil.com.ar\/index.php\/wp-json\/wp\/v2\/posts\/40389","targetHints":{"allow":["GET"]}}],"collection":[{"href":"https:\/\/portalmovil.com.ar\/index.php\/wp-json\/wp\/v2\/posts"}],"about":[{"href":"https:\/\/portalmovil.com.ar\/index.php\/wp-json\/wp\/v2\/types\/post"}],"author":[{"embeddable":true,"href":"https:\/\/portalmovil.com.ar\/index.php\/wp-json\/wp\/v2\/users\/2"}],"replies":[{"embeddable":true,"href":"https:\/\/portalmovil.com.ar\/index.php\/wp-json\/wp\/v2\/comments?post=40389"}],"version-history":[{"count":1,"href":"https:\/\/portalmovil.com.ar\/index.php\/wp-json\/wp\/v2\/posts\/40389\/revisions"}],"predecessor-version":[{"id":40391,"href":"https:\/\/portalmovil.com.ar\/index.php\/wp-json\/wp\/v2\/posts\/40389\/revisions\/40391"}],"wp:featuredmedia":[{"embeddable":true,"href":"https:\/\/portalmovil.com.ar\/index.php\/wp-json\/wp\/v2\/media\/40390"}],"wp:attachment":[{"href":"https:\/\/portalmovil.com.ar\/index.php\/wp-json\/wp\/v2\/media?parent=40389"}],"wp:term":[{"taxonomy":"category","embeddable":true,"href":"https:\/\/portalmovil.com.ar\/index.php\/wp-json\/wp\/v2\/categories?post=40389"},{"taxonomy":"post_tag","embeddable":true,"href":"https:\/\/portalmovil.com.ar\/index.php\/wp-json\/wp\/v2\/tags?post=40389"}],"curies":[{"name":"wp","href":"https:\/\/api.w.org\/{rel}","templated":true}]}}