{"id":4035,"date":"2020-03-24T15:58:39","date_gmt":"2020-03-24T18:58:39","guid":{"rendered":"http:\/\/portalmovil.com.ar\/?p=4035"},"modified":"2020-03-24T15:58:42","modified_gmt":"2020-03-24T18:58:42","slug":"capitanich-encabezo-un-acto-en-margarita-belen-por-el-dia-de-la-memoria","status":"publish","type":"post","link":"https:\/\/portalmovil.com.ar\/index.php\/2020\/03\/24\/capitanich-encabezo-un-acto-en-margarita-belen-por-el-dia-de-la-memoria\/","title":{"rendered":"Capitanich encabez\u00f3 un acto en Margarita Bel\u00e9n por el D\u00eda de la Memoria"},"content":{"rendered":"\n<p>El gobernador Jorge Capitanich encabez\u00f3, este martes 24 de Marzo en Margarita Bel\u00e9n, el acto por el D\u00eda de la Memoria, Verdad y Justicia, a 44 a\u00f1os de Golpe de Estado de 1976. All\u00ed inaugur\u00f3 la restauraci\u00f3n del Monumento a las V\u00edctimas de la Masacre de Margarita Bel\u00e9n. La obra responde a la primera etapa de la construcci\u00f3n del Primer Parque de la Memoria de la Provincia y de la Regi\u00f3n que ser\u00e1 concluido en diciembre pr\u00f3ximo.<\/p>\n\n\n\n<p>Acompa\u00f1aron a Capitanich la vicegobernadora Anal\u00eda Rach Quiroga, la secretaria de Derechos Humanos y G\u00e9nero Silvana P\u00e9rez, la subsecretaria de Derechos Humanos Nayla Bosch, la presidenta del Instituto de Cultura Mariela Quir\u00f3s, el presidente de la C\u00e1mara de Diputados Hugo Sager y el representante de la Asociaci\u00f3n de Exdetenidos Pol\u00edticos Carlos P\u00e1ez, la artista y restauradora, Bettina D\u00edaz C\u00f3rdoba.<\/p>\n\n\n\n<p>En cumplimiento con el aislamiento social, preventivo y obligatorio establecido ante por la emergencia del COVID-19, el mandatario present\u00f3 la Agenda Digital por Memoria Activa, de la Casa por la Memoria, para reivindicar la fecha y ratific\u00f3 el compromiso de las pol\u00edticas de Memoria, Verdad y Justicia. En la oportunidad se entreg\u00f3 tambi\u00e9n el Decreto de declaraci\u00f3n como Patrimonio Hist\u00f3rico y Cultural a la ex Comisar\u00eda 1\u00b0 de S\u00e1enz Pe\u00f1a.<\/p>\n\n\n\n<p>El monumento, oportunamente levantado por el artista pl\u00e1stico chaque\u00f1o Luis D\u00edaz C\u00f3rdoba en 1997 y cuya restauraci\u00f3n est\u00e1 hoy en manos de su hija Bettina D\u00edaz C\u00f3rdoba y su equipo, tiene por objeto reivindicar a aquellos h\u00e9roes y m\u00e1rtires que el 13 de diciembre de 1976 en ese preciso lugar, el KM 1042 fueron asesinados por la dictadura militar. Antes de ser fusilados pasaron por la U7, la Alcaid\u00eda, la Brigada de Investigaciones, donde fueron torturados.<\/p>\n\n\n\n<p>Como reivindicaci\u00f3n y reconocimiento, el gobernador nombr\u00f3 a cada una de las v\u00edctimas del brutal genocidio, as\u00ed record\u00f3 a Manuel Parodi Ocampo, Luis Arturo Fransen, Carlos Alberto Duarte, Carlos Terezecuk, N\u00e9stor Carlos Salas, Patricio Blas Tierno, Luis \u00c1ngel Barco, Mario Cuevas, Fernando Gabriel Pierola, Carlos Alberto Zamudio, Luis Alberto D\u00edaz, Roberto Horacio Yedro, Reynaldo Zapata So\u00f1ez, Ema Beatriz Cabral, Ra\u00fal Mar\u00eda Caire, Julio Andr\u00e9s Pereyra, Delicia Gonz\u00e1lez, Alcides Bosch, Dora Noriega, Eduardo \u00abLalo\u00bb Fern\u00e1ndez y Ra\u00fal Antonio M\u00e9ndez.<\/p>\n\n\n\n<p>El mandatario remarc\u00f3 la importancia de mantener la memoria colectiva viva. \u201cEs importante recordar cada 24 de marzo como la fecha que nunca m\u00e1s puede volver en la Argentina y el mundo, necesitamos m\u00e1s democracia, porque la democracia es siempre la reivindicaci\u00f3n leg\u00edtima de los derechos humanos\u201d, resalt\u00f3.<\/p>\n\n\n\n<p>En ese sentido ratific\u00f3 la garant\u00eda de las querellas por parte del Poder Ejecutivo en los juicios de lesa humanidad y el rol del Estado como garante de los procesos de Memoria, Verdad y Justicia entendiendo que son principios inseparables de la pol\u00edtica de Estado para la Rep\u00fablica Argentina. \u201cMemoria de lo que nunca m\u00e1s se debe repetir, la b\u00fasqueda irrenunciable de la verdad y la justicia como parte de una democracia concebida desde la plena garant\u00eda del estado de derecho, que implica principios esenciales como la presunci\u00f3n de inocencia, debido proceso y separaci\u00f3n e independencia de los poderes p\u00fablicos\u201d, resumi\u00f3.<\/p>\n\n\n\n<p>Por ello convoc\u00f3 al pueblo a reivindicar cada a\u00f1o esta fecha para fortalecer las instituciones democr\u00e1ticas y republicanas, el apego incondicional a la Constituciones y Leyes que reglamentan su ejercicio, y las pol\u00edticas de derechos humanos y de g\u00e9neros. \u201cNuestros h\u00e9roes y m\u00e1rtires reivindicar\u00e1n siempre los mismos principios, una Argentina con paz y justicia, pol\u00edticamente soberana, econ\u00f3micamente independiente y socialmente justa\u201d, asegur\u00f3 el gobernador extendiendo su reconocimiento a aquellos h\u00e9roes m\u00e1rtires, Madres y Abuelas de Plaza de Mayo, Comisi\u00f3n por la Memoria, HIJOS de desaparecidos, a todas las instituciones que levantaron la voz cuando todos callaban, y lucharon arriesgando su vida para la leg\u00edtima reivindicaci\u00f3n de derechos humanos.<\/p>\n\n\n\n<h2 class=\"wp-block-heading\">Parque de la Memoria<\/h2>\n\n\n\n<p>Con la inauguraci\u00f3n de la restauraci\u00f3n del Monumento a los Ca\u00eddos en la Masacre de Margarita Bel\u00e9n, realizado en 1997 y emplazado a la vera de la Ruta Nacional 11, concluy\u00f3 la primera etapa de la construcci\u00f3n del Primer Parque de la Memoria de la Provincia y de la Regi\u00f3n, y represent\u00f3 una inversi\u00f3n total de $400 mil entre mano de obra y materiales. Se prev\u00e9 que el Parque este concretado para el 13 de diciembre de 2020.<\/p>\n\n\n\n<p>La formulaci\u00f3n del parque se realiza en estrecha colaboraci\u00f3n entre la Direcci\u00f3n Nacional de Sitios de Memoria, Secretar\u00eda de Derechos Humanos y G\u00e9neros y el Ministerio de Infraestructura.<\/p>\n\n\n\n<p>El Parque contar\u00e1 con tres grandes sectores: el monumento, la cruz hist\u00f3rica y los pilares de \u201cMemoria, Verdad y Justicia\u201d. Todos estos sectores ser\u00e1n vinculados mediante un solado que generar\u00e1 un recorrido sensitivo donde la persona que circule ir\u00e1 conociendo y reconociendo los hechos sucedidos en el lugar mediante carteler\u00eda y se\u00f1al\u00e9tica.<\/p>\n\n\n\n<p>Adem\u00e1s, con la Declaraci\u00f3n como patrimonio hist\u00f3rico y cultural a la ex Comisar\u00eda 1\u00b0 de S\u00e1enz Pe\u00f1a se pretende qu\u00e9 este sea el pr\u00f3ximo espacio de la memoria de la Provincia del Chaco.<\/p>\n\n\n\n<h2 class=\"wp-block-heading\">Agenda digital #DesdeCasa #MemoriaActiva<\/h2>\n\n\n\n<p>La Agenda digital del Mes de la Memoria, difunde contenidos en funci\u00f3n de la agenda #DesdeCasa, donde se incluye #MemoriaActiva, en coordinaci\u00f3n Medios P\u00fablicos, Instituto de Cultura, y Secretar\u00eda de Derechos Humanos y G\u00e9neros.<\/p>\n\n\n\n<p>Se trata de la difusi\u00f3n de material audiovisual de la tem\u00e1tica Memoria Verdad y Justicia en diferentes soportes digitales. Contar\u00e1 con espect\u00e1culos en vivo a trav\u00e9s de streaming, bibliotecas digitales, espacios de lectura en voz alta junto a autores locales, pel\u00edculas y cortometrajes locales y nacionales, diversas propuestas de interacci\u00f3n a trav\u00e9s del canal de televisi\u00f3n oficial, la radio oficial y diferentes redes sociales como Facebook, Instagram, Twitter, el canal oficial de Youtube, etc.<\/p>\n","protected":false},"excerpt":{"rendered":"<p>El gobernador Jorge Capitanich encabez\u00f3, este martes 24 de Marzo en Margarita Bel\u00e9n, el acto por el D\u00eda de la Memoria, Verdad y Justicia, a 44 a\u00f1os de Golpe de Estado de 1976. All\u00ed inaugur\u00f3 la restauraci\u00f3n del Monumento a las V\u00edctimas de la Masacre de Margarita Bel\u00e9n. La obra responde a la primera etapa &hellip;<\/p>\n","protected":false},"author":2,"featured_media":4036,"comment_status":"open","ping_status":"open","sticky":false,"template":"","format":"standard","meta":{"_jetpack_memberships_contains_paid_content":false,"footnotes":"","jetpack_publicize_message":"","jetpack_publicize_feature_enabled":true,"jetpack_social_post_already_shared":true,"jetpack_social_options":{"image_generator_settings":{"template":"highway","default_image_id":0,"font":"","enabled":false},"version":2}},"categories":[5,3],"tags":[],"class_list":["post-4035","post","type-post","status-publish","format-standard","has-post-thumbnail","hentry","category-chaco","category-sociedad"],"jetpack_publicize_connections":[],"jetpack_featured_media_url":"https:\/\/portalmovil.com.ar\/wp-content\/uploads\/2020\/03\/cd9a43a8c176a8fd2abcdbc25c87f961.jpg","jetpack_sharing_enabled":true,"amp_enabled":true,"_links":{"self":[{"href":"https:\/\/portalmovil.com.ar\/index.php\/wp-json\/wp\/v2\/posts\/4035","targetHints":{"allow":["GET"]}}],"collection":[{"href":"https:\/\/portalmovil.com.ar\/index.php\/wp-json\/wp\/v2\/posts"}],"about":[{"href":"https:\/\/portalmovil.com.ar\/index.php\/wp-json\/wp\/v2\/types\/post"}],"author":[{"embeddable":true,"href":"https:\/\/portalmovil.com.ar\/index.php\/wp-json\/wp\/v2\/users\/2"}],"replies":[{"embeddable":true,"href":"https:\/\/portalmovil.com.ar\/index.php\/wp-json\/wp\/v2\/comments?post=4035"}],"version-history":[{"count":1,"href":"https:\/\/portalmovil.com.ar\/index.php\/wp-json\/wp\/v2\/posts\/4035\/revisions"}],"predecessor-version":[{"id":4037,"href":"https:\/\/portalmovil.com.ar\/index.php\/wp-json\/wp\/v2\/posts\/4035\/revisions\/4037"}],"wp:featuredmedia":[{"embeddable":true,"href":"https:\/\/portalmovil.com.ar\/index.php\/wp-json\/wp\/v2\/media\/4036"}],"wp:attachment":[{"href":"https:\/\/portalmovil.com.ar\/index.php\/wp-json\/wp\/v2\/media?parent=4035"}],"wp:term":[{"taxonomy":"category","embeddable":true,"href":"https:\/\/portalmovil.com.ar\/index.php\/wp-json\/wp\/v2\/categories?post=4035"},{"taxonomy":"post_tag","embeddable":true,"href":"https:\/\/portalmovil.com.ar\/index.php\/wp-json\/wp\/v2\/tags?post=4035"}],"curies":[{"name":"wp","href":"https:\/\/api.w.org\/{rel}","templated":true}]}}