{"id":4029,"date":"2020-03-24T15:47:28","date_gmt":"2020-03-24T18:47:28","guid":{"rendered":"http:\/\/portalmovil.com.ar\/?p=4029"},"modified":"2020-03-24T15:47:32","modified_gmt":"2020-03-24T18:47:32","slug":"panuelazo-virtual-en-lugar-de-marcha-argentina-conmemora-el-dia-de-la-memoria-en-medio-de-la-pandemia","status":"publish","type":"post","link":"https:\/\/portalmovil.com.ar\/index.php\/2020\/03\/24\/panuelazo-virtual-en-lugar-de-marcha-argentina-conmemora-el-dia-de-la-memoria-en-medio-de-la-pandemia\/","title":{"rendered":"Pa\u00f1uelazo virtual en lugar de marcha: Argentina conmemora el D\u00eda de la Memoria en medio de la pandemia"},"content":{"rendered":"\n<p>Los organismos de derechos humanos realizar\u00e1n hoy un \u2018pa\u00f1uelazo blanco\u2019 virtual, una iniciativa que a trav\u00e9s de las redes sociales conmemorar\u00e1 los 44 a\u00f1os del golpe de Estado del 24 de marzo de 1976 de una forma novedosa ante el aislamiento social, preventivo y obligatorio decretado por el gobierno nacional para contener la propagaci\u00f3n del coronavirus.<\/p>\n\n\n\n<p>Abuelas de Plaza de Mayo, Madres de Plaza de Mayo L\u00ednea Fundadora, Familiares de Desaparecidos, HIJOS y el CELS, entre otros organismos, impulsan la iniciativa.<\/p>\n\n\n\n<p>Anoche, cientos de ciudadanos se sumaron a un \u2018proyectorazo por la Memoria\u2019 convocado desde el Espacio Memoria y Derechos Humanos, ex ESMA; una acci\u00f3n colectiva que fue realizada desde balcones, terrazas y ventanas y consisti\u00f3 en la proyecci\u00f3n de im\u00e1genes correspondientes al proyecto Memorias de Vida y Militancias del que participan el Ente P\u00fablico Espacio para la Memoria, el Archivo Nacional de la Memoria y el Centro Cultural Haroldo Conti, con la colaboraci\u00f3n de Abuelas de Plaza de Mayo.<\/p>\n\n\n\n<p>Por su parte, la Asociaci\u00f3n de Madres de Plaza de Mayo, que conduce Hebe de Bonafini, llevar\u00e1 a cabo una acci\u00f3n conmemorativa propia y realizar\u00e1 una transmisi\u00f3n especial a trav\u00e9s de radios sociales y de Somos Radio-AM 530, con una programaci\u00f3n especial para recordar el D\u00eda de la Memoria.<\/p>\n\n\n\n<p>De esta forma, la tradicional a la Plaza de Mayo marcha ser\u00e1 reemplazada por una acci\u00f3n colectiva en la que se invita a viralizar im\u00e1genes de pa\u00f1uelos blancos o bien colocarlos en los frentes y balcones de los domicilios particulares.<\/p>\n\n\n\n<p>\u201cEl 24 de marzo compart\u00ed en redes sociales fotos con pa\u00f1uelos blancos. Ponelo en tu balc\u00f3n, puerta o ventana. Sin marcha, pero con memoria\u201d, dice la convocatoria de los organismos que organizan el \u201cpa\u00f1uelazo\u201d.<\/p>\n\n\n\n<p>En las redes sociales, se propone utilizar las etiquetas #Pa\u00f1uelosConMemoria #24M #44A\u00f1osDelGolpe #Son30000 #MemoriaVerdadYJusticia, entre otros.<\/p>\n\n\n\n<p>Estas actividades finalizar\u00e1n a las 19.30 con una transmisi\u00f3n para seguir en la web o en los canales de TV que tomen la se\u00f1al, que incluir\u00e1 la lectura de un documento de los organismos.<\/p>\n\n\n\n<p>El pa\u00f1uelo blanco es el emblema tradicional de la Madres de Plaza de Mayo, que las integrantes de esta Asociaci\u00f3n comenzaron a utilizar a mediados de 1977, como una forma de identificarse grupalmente en una peregrinaci\u00f3n a la Bas\u00edlica de Luj\u00e1n que se llev\u00f3 a cabo en ese a\u00f1o.<\/p>\n","protected":false},"excerpt":{"rendered":"<p>Los organismos de derechos humanos realizar\u00e1n hoy un \u2018pa\u00f1uelazo blanco\u2019 virtual, una iniciativa que a trav\u00e9s de las redes sociales conmemorar\u00e1 los 44 a\u00f1os del golpe de Estado del 24 de marzo de 1976 de una forma novedosa ante el aislamiento social, preventivo y obligatorio decretado por el gobierno nacional para contener la propagaci\u00f3n del &hellip;<\/p>\n","protected":false},"author":2,"featured_media":4030,"comment_status":"open","ping_status":"open","sticky":false,"template":"","format":"standard","meta":{"_jetpack_memberships_contains_paid_content":false,"footnotes":"","jetpack_publicize_message":"","jetpack_publicize_feature_enabled":true,"jetpack_social_post_already_shared":true,"jetpack_social_options":{"image_generator_settings":{"template":"highway","default_image_id":0,"font":"","enabled":false},"version":2}},"categories":[3],"tags":[],"class_list":["post-4029","post","type-post","status-publish","format-standard","has-post-thumbnail","hentry","category-sociedad"],"jetpack_publicize_connections":[],"jetpack_featured_media_url":"https:\/\/portalmovil.com.ar\/wp-content\/uploads\/2020\/03\/multimedia.normal.8894f8fce24f1eb1.44696144654c614d656d6f7269615f6e6f726d616c2e6a7067.jpg","jetpack_sharing_enabled":true,"amp_enabled":true,"_links":{"self":[{"href":"https:\/\/portalmovil.com.ar\/index.php\/wp-json\/wp\/v2\/posts\/4029","targetHints":{"allow":["GET"]}}],"collection":[{"href":"https:\/\/portalmovil.com.ar\/index.php\/wp-json\/wp\/v2\/posts"}],"about":[{"href":"https:\/\/portalmovil.com.ar\/index.php\/wp-json\/wp\/v2\/types\/post"}],"author":[{"embeddable":true,"href":"https:\/\/portalmovil.com.ar\/index.php\/wp-json\/wp\/v2\/users\/2"}],"replies":[{"embeddable":true,"href":"https:\/\/portalmovil.com.ar\/index.php\/wp-json\/wp\/v2\/comments?post=4029"}],"version-history":[{"count":1,"href":"https:\/\/portalmovil.com.ar\/index.php\/wp-json\/wp\/v2\/posts\/4029\/revisions"}],"predecessor-version":[{"id":4031,"href":"https:\/\/portalmovil.com.ar\/index.php\/wp-json\/wp\/v2\/posts\/4029\/revisions\/4031"}],"wp:featuredmedia":[{"embeddable":true,"href":"https:\/\/portalmovil.com.ar\/index.php\/wp-json\/wp\/v2\/media\/4030"}],"wp:attachment":[{"href":"https:\/\/portalmovil.com.ar\/index.php\/wp-json\/wp\/v2\/media?parent=4029"}],"wp:term":[{"taxonomy":"category","embeddable":true,"href":"https:\/\/portalmovil.com.ar\/index.php\/wp-json\/wp\/v2\/categories?post=4029"},{"taxonomy":"post_tag","embeddable":true,"href":"https:\/\/portalmovil.com.ar\/index.php\/wp-json\/wp\/v2\/tags?post=4029"}],"curies":[{"name":"wp","href":"https:\/\/api.w.org\/{rel}","templated":true}]}}