{"id":39855,"date":"2021-09-13T09:52:53","date_gmt":"2021-09-13T12:52:53","guid":{"rendered":"https:\/\/portalmovil.com.ar\/?p=39855"},"modified":"2021-09-13T09:52:56","modified_gmt":"2021-09-13T12:52:56","slug":"uno-de-los-acusados-del-femicidio-de-araceli-fue-detenido-al-ir-a-votar-un-dia-antes-del-juicio","status":"publish","type":"post","link":"https:\/\/portalmovil.com.ar\/index.php\/2021\/09\/13\/uno-de-los-acusados-del-femicidio-de-araceli-fue-detenido-al-ir-a-votar-un-dia-antes-del-juicio\/","title":{"rendered":"Uno de los acusados del femicidio de Araceli fue detenido al ir a votar, un d\u00eda antes del juicio"},"content":{"rendered":"\n<p>Este lunes comenzar\u00e1 el juicio por el crimen de\u00a0<strong>Araceli Fulles, quien en 2017 fue hallada asesinada, con signos de haber sido asfixiada, en una casa de la localidad bonaerense de Jos\u00e9 Le\u00f3n Su\u00e1rez.<\/strong><\/p>\n\n\n\n<p>Ocho personas fueron imputadas, de las cuales siete est\u00e1n en libertad.<strong>&nbsp;La familia de la v\u00edctima denunci\u00f3 haber recibido \u201cmensajes intimidatorios\u201d.<\/strong><\/p>\n\n\n\n<p><strong>Uno de los acusados, con antecedentes de haber amenazado a un testigo, fue detenido hoy cuando se dispon\u00eda a votar en el marco de las PASO.<\/strong><\/p>\n\n\n\n<p>\u201cYo espero perpetua. Que se queden de por vida y se pudran dentro de la c\u00e1rcel. Porque a mi hija no la voy a ver m\u00e1s\u201d, dijo a T\u00e9lam M\u00f3nica Ferreyra, madre de la v\u00edctima, y agreg\u00f3<strong>: \u201ctengo que volver a recordar todo eso que pas\u00f3 hace cuatro a\u00f1os y cinco meses. Va a ser muy duro remover todo eso\u201d.<\/strong><\/p>\n\n\n\n<p><strong>El proceso judicial iniciar\u00e1 en el Tribunal Oral en lo Criminal 3 (TOC) 3 de San Mart\u00edn, integrado por los jueces Mart\u00edn Klobovs, Carolina Mart\u00ednez y An\u00edbal Bellagio. La fiscal de juicio ser\u00e1 Mariana Piwarczuk.&nbsp;<\/strong>Los voceros precisaron que a lo largo del debate comparecer\u00e1n entre 150 y 300 testigos, y se prev\u00e9 que el mismo se extienda hasta el 7 de octubre.<\/p>\n\n\n\n<p><strong>\u201cLos dichos de los testigos ser\u00e1 una forma de unir cabos. El problema es que digan la verdad. Nuestros testigos ya fueron intimidados previamente y tienen miedo de lo que pueden llegar a pasar\u201d,<\/strong>&nbsp;sostuvo M\u00f3nica.<\/p>\n\n\n\n<p>Por su parte, los acusados que llegan a juicio son Hern\u00e1n Rodrigo Badaracco, su jefe Carlos Casalz, Hugo Caba\u00f1as, Carlos Antonio Ibarra, Marcelo Escobedo, Daniel Alaniz y los hermanos Jonathan y Emanuel \u00c1valos.<strong>&nbsp;Los ocho est\u00e1n imputados de \u201chomicidio agravado por femicidio y por la participaci\u00f3n de dos o m\u00e1s personas\u201d, delito que prev\u00e9 la pena de prisi\u00f3n perpetua.<\/strong><\/p>\n\n\n\n<p><strong>La historia<br><\/strong><strong>Araceli (22) fue hallada muerta el 27 de abril debajo de escombros en el patio de la casa de Dar\u00edo Badaracco (31), ubicada en Jos\u00e9 Le\u00f3n Su\u00e1rez, en el noroeste del conurbano bonaerense<\/strong>. La joven hab\u00eda sido vista con vida por \u00faltima vez la madrugada del 2 de abril, en una plaza cercana a su casa, y el \u00faltimo contacto con su familia fue a las 7 de la ma\u00f1ana de ese d\u00eda, cuando le envi\u00f3 un mensaje a su madre dici\u00e9ndole:<strong>&nbsp;\u201cVieja, prepar\u00e1 las cosas para el mate que estoy yendo a casa\u201d.<\/strong><\/p>\n\n\n\n<p>Araceli nunca apareci\u00f3 y su cuerpo fue hallado 25 d\u00edas despu\u00e9s tras la intervenci\u00f3n de perros pertenecientes a los Bomberos Voluntarios de Punta Alta.&nbsp;<strong>La autopsia determin\u00f3 que la joven muri\u00f3 por \u201casfixia mec\u00e1nica\u201d por \u201cestrangulamiento a lazo\u201d con un elemento compatible con precintos pl\u00e1sticos.<\/strong><\/p>\n\n\n\n<figure class=\"wp-block-image\"><img decoding=\"async\" src=\"https:\/\/www.rionegro.com.ar\/wp-content\/uploads\/2021\/09\/E_Hvp5TUUAMPJAT.jpg\" alt=\"\" class=\"wp-image-1957734\"\/><figcaption>M\u00f3nica, mam\u00e1 de Araceli, con los recuerdos y fotos de su hija.<\/figcaption><\/figure>\n\n\n\n<p>Por el caso,&nbsp;<strong>Dar\u00edo Badaracco, hermano del acusado Hern\u00e1n Rodrigo, fue el principal detenido y muri\u00f3 el 13 de abril de 2019 luego de haber permanecido internado cinco d\u00edas en un hospital de Olavarr\u00eda, tras ser atacado a golpes y quemado con agua caliente por dos compa\u00f1eros de celda en el penal de Sierra Chica.<\/strong><\/p>\n\n\n\n<p>Los otros ocho imputados fueron excarcelados por la C\u00e1mara de Apelaciones de San Mart\u00edn&nbsp;<strong>que consider\u00f3 en septiembre del 2017 que por la \u201cineficiencia del sistema investigativo\u201d no pudieron obtenerse las pruebas necesarias para probar sus participaciones en el hecho.&nbsp;<\/strong>La falta de los resultados de los peritajes, la mala conservaci\u00f3n de las muestras recolectadas en el lugar del hallazgo del cuerpo y el sembrado de \u201cfalsas pistas\u201d, fueron los argumentos esgrimidos por&nbsp;<strong>Carlos Hermelo,&nbsp;<\/strong>presidente de dicha sala.<br>Aquella decisi\u00f3n fue calificada de absurda por el abogado Szpigiel y hasta hoy genera impotencia en la familia de la v\u00edctima.&nbsp;<strong>\u201c\u00bfCu\u00e1ntas Aracelis pueden haber ocurrido estando ellos en las calles? Nos da mucha bronca\u201d, se pregunt\u00f3 la madre de la v\u00edctima.<\/strong><\/p>\n\n\n\n<p><strong>La mujer tambi\u00e9n denunci\u00f3 haber recibido un video intimidatorio hace 15 d\u00edas, el cual ten\u00eda una duraci\u00f3n de nueve segundos y mostraba al imputado Casalz portando una ametralladora.<\/strong>&nbsp;\u201cMe mandaron este chat a las cuatro de la ma\u00f1ana un video de este tipo caminando con una ametralladora. Pero no les tengo miedo. A m\u00ed ya me mataron\u201d, indic\u00f3 M\u00f3nica.&nbsp;<strong>\u201cUno ya sabe con qui\u00e9n se est\u00e1 metiendo. Es gente acusada de tener v\u00ednculos con el narcotr\u00e1fico y sab\u00e9s que te van a mandar intimidaciones\u201d,<\/strong>&nbsp;agreg\u00f3.<\/p>\n\n\n\n<p>Sobre la procedencia del video, la mujer dijo: \u201cNo s\u00e9 qui\u00e9n me lo mand\u00f3, pero tom\u00e9 captura de pantalla de lo que me mandaron, y lo denunci\u00e9 ante la fiscal.\u201d<\/p>\n\n\n\n<p>A su vez,&nbsp;<strong>las fuentes policiales indicaron que Casalz (39) fue detenido esta tarde de urgencia por personal de la Direcci\u00f3n Departamental de Investigaciones (DDI) San Mart\u00edn<\/strong>&nbsp;cuando iba a votar en una escuela de Villa Ballester y por orden del TOC 3. Un vocero judicial explic\u00f3 a T\u00e9lam que la fiscal de juicio pidi\u00f3 al tribunal que ordene la detenci\u00f3n ante la posibilidad que no comparezca en el debate cuando se lo requiera y los magistrados aceptaron el planteo.<\/p>\n\n\n\n<p>De acuerdo al abogado Szpigiel,&nbsp;<strong>este imputado ya fue condenado a dos a\u00f1os de prisi\u00f3n por amenazas a un testigo de la causa cuando sali\u00f3 de la c\u00e1rcel la primera vez en 2017 y luego de purgar es apena volvi\u00f3 a estar en libertad.<\/strong><\/p>\n\n\n\n<p>Por otro lado, la mam\u00e1 de Araceli coment\u00f3 que su familia contin\u00faa destrozada por la muerte de su hija y que \u201csu ausencia ser\u00e1 un dolor que jam\u00e1s podr\u00e1 ser reparado\u201d. \u201c<strong>La familia est\u00e1 destruida. Nos falta una pieza importante. Es un dolor que no vamos a reparar nunca. Extra\u00f1amos su sonrisa. Lo primero que hago es llegar a mi casa y abrazar su foto y decirle cu\u00e1nto la extra\u00f1o. Tratamos de seguir unidos por el juicio<\/strong>\u201d, expres\u00f3.<br>En el mismo sentido concluy\u00f3: \u201cAc\u00e1 en San Mart\u00edn hay muchos casos y los apoyamos en todos los juicios.<strong>&nbsp;No he visto ning\u00fan pol\u00edtico que hable de la inseguridad y de los femicidios. Todos los d\u00edas encuentran mujeres muertas<\/strong>\u201d<\/p>\n","protected":false},"excerpt":{"rendered":"<p>Este lunes comenzar\u00e1 el juicio por el crimen de\u00a0Araceli Fulles, quien en 2017 fue hallada asesinada, con signos de haber sido asfixiada, en una casa de la localidad bonaerense de Jos\u00e9 Le\u00f3n Su\u00e1rez. Ocho personas fueron imputadas, de las cuales siete est\u00e1n en libertad.&nbsp;La familia de la v\u00edctima denunci\u00f3 haber recibido \u201cmensajes intimidatorios\u201d. Uno de &hellip;<\/p>\n","protected":false},"author":2,"featured_media":39856,"comment_status":"open","ping_status":"open","sticky":false,"template":"","format":"standard","meta":{"_jetpack_memberships_contains_paid_content":false,"footnotes":"","jetpack_publicize_message":"","jetpack_publicize_feature_enabled":true,"jetpack_social_post_already_shared":true,"jetpack_social_options":{"image_generator_settings":{"template":"highway","default_image_id":0,"font":"","enabled":false},"version":2}},"categories":[639,50],"tags":[],"class_list":["post-39855","post","type-post","status-publish","format-standard","has-post-thumbnail","hentry","category-argentina","category-judiciales"],"jetpack_publicize_connections":[],"jetpack_featured_media_url":"https:\/\/portalmovil.com.ar\/wp-content\/uploads\/2021\/09\/DFNDSBOB2FFYJAWY5T645PRDVQ.jpg","jetpack_sharing_enabled":true,"amp_enabled":true,"_links":{"self":[{"href":"https:\/\/portalmovil.com.ar\/index.php\/wp-json\/wp\/v2\/posts\/39855","targetHints":{"allow":["GET"]}}],"collection":[{"href":"https:\/\/portalmovil.com.ar\/index.php\/wp-json\/wp\/v2\/posts"}],"about":[{"href":"https:\/\/portalmovil.com.ar\/index.php\/wp-json\/wp\/v2\/types\/post"}],"author":[{"embeddable":true,"href":"https:\/\/portalmovil.com.ar\/index.php\/wp-json\/wp\/v2\/users\/2"}],"replies":[{"embeddable":true,"href":"https:\/\/portalmovil.com.ar\/index.php\/wp-json\/wp\/v2\/comments?post=39855"}],"version-history":[{"count":1,"href":"https:\/\/portalmovil.com.ar\/index.php\/wp-json\/wp\/v2\/posts\/39855\/revisions"}],"predecessor-version":[{"id":39857,"href":"https:\/\/portalmovil.com.ar\/index.php\/wp-json\/wp\/v2\/posts\/39855\/revisions\/39857"}],"wp:featuredmedia":[{"embeddable":true,"href":"https:\/\/portalmovil.com.ar\/index.php\/wp-json\/wp\/v2\/media\/39856"}],"wp:attachment":[{"href":"https:\/\/portalmovil.com.ar\/index.php\/wp-json\/wp\/v2\/media?parent=39855"}],"wp:term":[{"taxonomy":"category","embeddable":true,"href":"https:\/\/portalmovil.com.ar\/index.php\/wp-json\/wp\/v2\/categories?post=39855"},{"taxonomy":"post_tag","embeddable":true,"href":"https:\/\/portalmovil.com.ar\/index.php\/wp-json\/wp\/v2\/tags?post=39855"}],"curies":[{"name":"wp","href":"https:\/\/api.w.org\/{rel}","templated":true}]}}