{"id":398,"date":"2020-01-18T17:17:14","date_gmt":"2020-01-18T20:17:14","guid":{"rendered":"http:\/\/portalmovil.com.ar\/?p=398"},"modified":"2020-01-18T17:17:16","modified_gmt":"2020-01-18T20:17:16","slug":"a-los-89-anos-murio-juan-carlos-saravia-el-fundador-de-los-chalchaleros","status":"publish","type":"post","link":"https:\/\/portalmovil.com.ar\/index.php\/2020\/01\/18\/a-los-89-anos-murio-juan-carlos-saravia-el-fundador-de-los-chalchaleros\/","title":{"rendered":"A los 89 a\u00f1os muri\u00f3 Juan Carlos Saravia, el fundador de Los Chalchaleros"},"content":{"rendered":"\n<p class=\"has-normal-font-size\">Juan Carlos Saravia, fundador del legendario conjunto folcl\u00f3rico Los Chalchaleros, muri\u00f3 este atardecer en Salta, provincia donde hab\u00eda nacido hace 89 a\u00f1os.<br><\/p>\n\n\n\n<p>Allegados al guitarrista y cantante que lider\u00f3 la popular formaci\u00f3n con m\u00e1s de medio siglo de actividad, confirmaron a T\u00e9lam que el deceso se produjo como consecuencia de su deteriorado estado de salud. <\/p>\n\n\n\n<p>Saravia hab\u00eda nacido el 14 de mayo de 1930 en la capital salte\u00f1a y con 18 a\u00f1os reci\u00e9n cumplidos debut\u00f3 al frente de Los Chalchaleros, agrupaci\u00f3n insignia de la m\u00fasica nativa y un faro para que la producci\u00f3n est\u00e9tica salte\u00f1a se incorporara al mapa sonoro argentino.<\/p>\n\n\n\n<p>Acerca la popularidad de Los Chalchaleros, Saravia recordaba el apunte que le hizo Atahualpa Yupanqui cuando le dijo: \u00abPaisano, el tema no es que cantan con una s\u00edlaba menos. El tema es que el que la est\u00e1 escuchando canta la \u00faltima silaba en el tono de \u00e9l. La \u00faltima silaba la cantaba el pueblo. Por eso son todos Chalchaleros\u00bb.<\/p>\n\n\n\n<p>Al conocerse la triste noticia del fallecimiento del m\u00fasico, la cantante y autora Mavi D\u00edaz, recientemente designada directora de Radio Nacional Folcl\u00f3rica, escribi\u00f3 hace instantes en su cuenta de Twitter \u00abDescansa en paz, querido amigo y compa\u00f1ero. Acompa\u00f1o a su familia en este momento de dolor\u00bb.&nbsp;<br><\/p>\n","protected":false},"excerpt":{"rendered":"<p>Juan Carlos Saravia, fundador del legendario conjunto folcl\u00f3rico Los Chalchaleros, muri\u00f3 este atardecer en Salta, provincia donde hab\u00eda nacido hace 89 a\u00f1os. Allegados al guitarrista y cantante que lider\u00f3 la popular formaci\u00f3n con m\u00e1s de medio siglo de actividad, confirmaron a T\u00e9lam que el deceso se produjo como consecuencia de su deteriorado estado de salud. &hellip;<\/p>\n","protected":false},"author":2,"featured_media":399,"comment_status":"open","ping_status":"open","sticky":false,"template":"","format":"standard","meta":{"_jetpack_memberships_contains_paid_content":false,"footnotes":"","jetpack_publicize_message":"","jetpack_publicize_feature_enabled":true,"jetpack_social_post_already_shared":false,"jetpack_social_options":{"image_generator_settings":{"template":"highway","default_image_id":0,"font":"","enabled":false},"version":2}},"categories":[4,3,12],"tags":[],"class_list":["post-398","post","type-post","status-publish","format-standard","has-post-thumbnail","hentry","category-cultura","category-sociedad","category-ultimo"],"jetpack_publicize_connections":[],"jetpack_featured_media_url":"https:\/\/portalmovil.com.ar\/wp-content\/uploads\/2020\/01\/225776w980.jpg","jetpack_sharing_enabled":true,"amp_enabled":true,"_links":{"self":[{"href":"https:\/\/portalmovil.com.ar\/index.php\/wp-json\/wp\/v2\/posts\/398","targetHints":{"allow":["GET"]}}],"collection":[{"href":"https:\/\/portalmovil.com.ar\/index.php\/wp-json\/wp\/v2\/posts"}],"about":[{"href":"https:\/\/portalmovil.com.ar\/index.php\/wp-json\/wp\/v2\/types\/post"}],"author":[{"embeddable":true,"href":"https:\/\/portalmovil.com.ar\/index.php\/wp-json\/wp\/v2\/users\/2"}],"replies":[{"embeddable":true,"href":"https:\/\/portalmovil.com.ar\/index.php\/wp-json\/wp\/v2\/comments?post=398"}],"version-history":[{"count":1,"href":"https:\/\/portalmovil.com.ar\/index.php\/wp-json\/wp\/v2\/posts\/398\/revisions"}],"predecessor-version":[{"id":400,"href":"https:\/\/portalmovil.com.ar\/index.php\/wp-json\/wp\/v2\/posts\/398\/revisions\/400"}],"wp:featuredmedia":[{"embeddable":true,"href":"https:\/\/portalmovil.com.ar\/index.php\/wp-json\/wp\/v2\/media\/399"}],"wp:attachment":[{"href":"https:\/\/portalmovil.com.ar\/index.php\/wp-json\/wp\/v2\/media?parent=398"}],"wp:term":[{"taxonomy":"category","embeddable":true,"href":"https:\/\/portalmovil.com.ar\/index.php\/wp-json\/wp\/v2\/categories?post=398"},{"taxonomy":"post_tag","embeddable":true,"href":"https:\/\/portalmovil.com.ar\/index.php\/wp-json\/wp\/v2\/tags?post=398"}],"curies":[{"name":"wp","href":"https:\/\/api.w.org\/{rel}","templated":true}]}}